{"id":12715,"date":"2017-06-08T10:17:57","date_gmt":"2017-06-08T10:17:57","guid":{"rendered":"https:\/\/www.webwise.ie\/minithe-ceard-is-nuacht-bhreagach-ann\/"},"modified":"2017-12-05T09:52:43","modified_gmt":"2017-12-05T09:52:43","slug":"minithe-ceard-is-nuacht-bhreagach-ann","status":"publish","type":"post","link":"https:\/\/www.webwise.ie\/ga\/muinteoiri-ga\/minithe-ceard-is-nuacht-bhreagach-ann\/","title":{"rendered":"M\u00ednithe: C\u00e9ard is nuacht bhr\u00e9agach ann?"},"content":{"rendered":"<p><script async src=\"\/\/player-backend.cnevids.com\/script\/video\/58a25b0fb57ac36c3600001b.js\"><\/script><\/p>\n<h3>C\u00e9ard is nuacht bhr\u00e9agach ann?<\/h3>\n<p><br class=\"xliff-newline\" \/>D\u2019fh\u00e9adfadh go mbeadh an chuma ar go leor ruda\u00ed a l\u00e9ife\u00e1 ar l\u00edne go mbeid\u00eds f\u00edor, sc\u00e9alta a fheictear i d\u2019fhotha me\u00e1in s\u00f3isialta ach go h\u00e1irithe, ach is minic nach amhlaidh<strong>. Is \u00e9 at\u00e1 i nuacht bhr\u00e9agach n\u00e1 nuacht, sc\u00e9alta n\u00f3 cleasa a crutha\u00edodh chun eolas m\u00edcheart a thabhairt do l\u00e9itheoir\u00ed n\u00f3 an dallamull\u00f3g a chur orthu d\u2019aon ghn\u00f3. <\/strong>Is gn\u00e1ch go gcumtar na sc\u00e9alta sin chun tionchar a imirt ar thuairim\u00ed daoine, dearcadh polaiti\u00fail a bhr\u00fa,\u00a0n\u00f3 mearbhall a chur ar dhaoine agus is minic gur gn\u00f3 brab\u00fasach \u00e9 d\u2019fhoilsitheoir\u00ed ar l\u00edne. Is f\u00e9idir le sc\u00e9alta nuachta br\u00e9aga\u00ed an dallamull\u00f3g a chur ar dhaoine tr\u00ed bhreathn\u00fa cos\u00fail le su\u00edomhanna Idirl\u00edn iontaofa n\u00f3 \u00fas\u00e1id a bhaint as ainmneacha agus seolta\u00ed gr\u00e9as\u00e1in cos\u00fail leo si\u00fad at\u00e1 ag eagra\u00edochta\u00ed nuachta creidi\u00fanacha.<\/p>\n<blockquote><p>Dar le Martina Chapman (Saineola\u00ed ar Litearthacht sna Me\u00e1in), t\u00e1 tr\u00ed ghn\u00e9 ag baint le nuacht bhr\u00e9agach; \u2018Amhras, eolas m\u00edchruinn agus ionramh\u00e1il\u2019.<\/p><\/blockquote>\n<p>&nbsp;<\/p>\n<h3>Teacht chun cinn na Nuachta Br\u00e9aga\u00ed<\/h3>\n<p><br class=\"xliff-newline\" \/>N\u00ed rud nua \u00e9 nuacht bhr\u00e9agach ach t\u00e1 s\u00e9 ina \u00e1bhar m\u00f3r cainte i 2017. Ba ghn\u00e1ch go bhfaighimis \u00e1r nuacht \u00f3 fhoins\u00ed, iriseoir\u00ed agus me\u00e1in iontaofa a bhfuil ceangal orthu clo\u00ed le c\u00f3id chleachtais dh\u00e9ine. Leis an idirl\u00edon, \u00e1fach, t\u00e1 bealach \u00farnua ann le heolas agus nuacht a fhoilsi\u00fa, a roinnt agus a l\u00e9amh agus gan m\u00f3r\u00e1n rialach\u00e1n n\u00e1 caighde\u00e1in eagarth\u00f3ireachta ag baint leis. <br class=\"xliff-newline\" \/> <br class=\"xliff-newline\" \/>Anois faigheann go leor daoine nuacht \u00f3 shu\u00edomhanna agus l\u00edonra\u00ed me\u00e1in s\u00f3isialta agus is minic gur f\u00e9idir leis bheith deacair a r\u00e1 an bhfuil sc\u00e9alta inchreidte n\u00f3 nach bhfuil. Gn\u00e9ithe eile a chuir leis an m\u00e9ad\u00fa ar sc\u00e9alta nuachta br\u00e9aga\u00ed n\u00f3 cleasa n\u00e1 an iomarca eolais agus easpa tuisceana go ginear\u00e1lta faoin gcaoi a n-oibr\u00edonn an t-idirl\u00edon. Is f\u00e9idir le su\u00edomhanna me\u00e1in s\u00f3isialta r\u00f3l m\u00f3r a imirt maidir le sc\u00e9alta den chine\u00e1l sin a scaipeadh chuig n\u00edos m\u00f3 daoine.<\/p>\n<blockquote><p>Eacnama\u00edocht na c\u00falchainte at\u00e1 fabhrach do na me\u00e1in sh\u00f3isialta, \u00farnuacht, luas agus \u201coiri\u00fanacht do roinnt\u201d Simeon Yates<\/p><\/blockquote>\n<p>&nbsp;<\/p>\n<h3>Cine\u00e1lacha Nuachta Br\u00e9aga\u00ed<\/h3>\n<p><br class=\"xliff-newline\" \/>B\u00edonn tuairim\u00ed difri\u00fala ag daoine maidir le cine\u00e1lacha nuachta br\u00e9aga\u00ed a aithint Nuair at\u00e1 \u00e1bhar \u00e1 mheas ar l\u00edne, \u00e1fach, t\u00e1 go leor cine\u00e1lacha nuachta br\u00e9aga\u00ed n\u00f3 m\u00edthreora\u00ed nach m\u00f3r d\u00fainn bheith feasach f\u00fathu. \u00c1ir\u00edtear leo si\u00fad: <br class=\"xliff-newline\" \/> <br class=\"xliff-newline\" \/><strong>1. Clicmhealladh<\/strong> <br class=\"xliff-newline\" \/> <br class=\"xliff-newline\" \/>Is \u00e9 at\u00e1 iontu si\u00fad n\u00e1 sc\u00e9alta a chumtar d\u2019aon ghn\u00f3 chun n\u00edos m\u00f3 cuairteoir\u00ed a tharraingt chuig su\u00edomh Idirl\u00edn agus chun ioncam \u00f3 fh\u00f3gra\u00edocht a mh\u00e9ad\u00fa do shu\u00edomhanna. I sc\u00e9alta clicmheallta baintear \u00fas\u00e1id as ceannl\u00ednte g\u00e1ifeacha chun aird a tharraingt agus chun n\u00edos m\u00f3 daoine a spreagadh le clice\u00e1il ar shu\u00edomh Idirl\u00edn an fhoilsitheora, ach is gn\u00e1ch go mb\u00edonn an fh\u00edrinne n\u00f3 an cruinneas th\u00edos leis. <br class=\"xliff-newline\" \/> <br class=\"xliff-newline\" \/><img loading=\"lazy\" decoding=\"async\" class=\"alignnone size-medium wp-image-12636\" src=\"https:\/\/www.webwise.ie\/wp-content\/uploads\/2017\/05\/1-300x276.jpg\" alt=\"nuacht bhr\u00e9agach \" width=\"300\" height=\"276\" srcset=\"https:\/\/www.webwise.ie\/wp-content\/uploads\/2017\/05\/1-300x276.jpg 300w, https:\/\/www.webwise.ie\/wp-content\/uploads\/2017\/05\/1.jpg 612w\" sizes=\"auto, (max-width: 300px) 100vw, 300px\" \/> <br class=\"xliff-newline\" \/> <br class=\"xliff-newline\" \/><strong>2. Bolscaireacht<\/strong>\u00a0 \u00a0 \u00a0 \u00a0 \u00a0 \u00a0 \u00a0 \u00a0 \u00a0 \u00a0 \u00a0 \u00a0 \u00a0 \u00a0 \u00a0 \u00a0 \u00a0 \u00a0 \u00a0 \u00a0 \u00a0 \u00a0 \u00a0 \u00a0 \u00a0 \u00a0 \u00a0 \u00a0 \u00a0 \u00a0 \u00a0 \u00a0 \u00a0 \u00a0 \u00a0 \u00a0 \u00a0 \u00a0 \u00a0 \u00a0 \u00a0 \u00a0 \u00a0 \u00a0 \u00a0 \u00a0 \u00a0 <br class=\"xliff-newline\" \/> <br class=\"xliff-newline\" \/>Sc\u00e9alta a chumtar chun an dallamull\u00f3g a chur ar an lucht l\u00e9ite d\u2019aon ghn\u00f3, chun dearcadh claonta n\u00f3 c\u00fais n\u00f3 aidhm pholaiti\u00fail \u00e1irithe a chur chun cinn. <br class=\"xliff-newline\" \/> <br class=\"xliff-newline\" \/><img loading=\"lazy\" decoding=\"async\" class=\"alignnone wp-image-12637 size-medium\" src=\"https:\/\/www.webwise.ie\/wp-content\/uploads\/2017\/05\/3-300x217.jpg\" alt=\"nuacht bhr\u00e9agach \" width=\"300\" height=\"217\" srcset=\"https:\/\/www.webwise.ie\/wp-content\/uploads\/2017\/05\/3-300x217.jpg 300w, https:\/\/www.webwise.ie\/wp-content\/uploads\/2017\/05\/3-768x556.jpg 768w, https:\/\/www.webwise.ie\/wp-content\/uploads\/2017\/05\/3-180x130.jpg 180w, https:\/\/www.webwise.ie\/wp-content\/uploads\/2017\/05\/3.jpg 793w\" sizes=\"auto, (max-width: 300px) 100vw, 300px\" \/> <br class=\"xliff-newline\" \/> <br class=\"xliff-newline\" \/> <br class=\"xliff-newline\" \/><strong>3. Aoir\/Scigaithris<\/strong> <br class=\"xliff-newline\" \/> <br class=\"xliff-newline\" \/>Foils\u00edonn go leor su\u00edomhanna Idirl\u00edn agus cuntais me\u00e1in s\u00f3isialta sc\u00e9alta nuachta br\u00e9aga\u00ed ar mhaithe le siamsa\u00edocht agus scigaithris. Mar shampla; The Onion, Waterford Whispers, The Daily Mash, etc. <br class=\"xliff-newline\" \/> <br class=\"xliff-newline\" \/><img loading=\"lazy\" decoding=\"async\" class=\"alignnone size-medium wp-image-12635\" src=\"https:\/\/www.webwise.ie\/wp-content\/uploads\/2017\/05\/kylie-300x104.png\" alt=\"nuacht bhr\u00e9agach \" width=\"300\" height=\"104\" srcset=\"https:\/\/www.webwise.ie\/wp-content\/uploads\/2017\/05\/kylie-300x104.png 300w, https:\/\/www.webwise.ie\/wp-content\/uploads\/2017\/05\/kylie-740x259.png 740w, https:\/\/www.webwise.ie\/wp-content\/uploads\/2017\/05\/kylie.png 744w\" sizes=\"auto, (max-width: 300px) 100vw, 300px\" \/> <br class=\"xliff-newline\" \/> <br class=\"xliff-newline\" \/> <br class=\"xliff-newline\" \/><strong>4. Iriseoireacht Mh\u00edch\u00faramach<\/strong> <br class=\"xliff-newline\" \/> <br class=\"xliff-newline\" \/>Uaireanta d\u2019fh\u00e9adfadh go bhfoilseodh tuairisceoir\u00ed n\u00f3 iriseoir\u00ed sc\u00e9al agus eolas m\u00ed-iontaofa acu n\u00f3 gan na f\u00edorais go l\u00e9ir a sheice\u00e1il agus d\u2019fh\u00e9adfadh go gcuirf\u00ed an lucht l\u00e9ite am\u00fa ag an sc\u00e9al sin. Mar shampla i rith thoghch\u00e1n S.A.M, d\u2019fhoilsigh an d\u00edolt\u00f3ir \u00e9ada\u00ed Urban Outfitters <a href=\"https:\/\/projects.propublica.org\/electionland\/national\/latest-source-of-voting-misinformation-urban-outfitters\/\" target=\"_blank\" rel=\"noopener noreferrer\">Eola\u00ed ar L\u00e1 an Toghch\u00e1in<\/a>, agus bh\u00ed eolas m\u00edcheart san eola\u00ed agus \u00e9 r\u00e1ite le v\u00f3t\u00e1laithe go mbeadh \u2018c\u00e1rta cl\u00e1r\u00fach\u00e1in v\u00f3t\u00e1la\u00ed uathu\u2019. N\u00edl s\u00e9 sin riachtanach le haghaidh v\u00f3t\u00e1la i st\u00e1t ar bith i S.A.M. <br class=\"xliff-newline\" \/> <br class=\"xliff-newline\" \/> <br class=\"xliff-newline\" \/><strong>5. Ceannl\u00ednte M\u00edthreoracha<\/strong> <br class=\"xliff-newline\" \/> <br class=\"xliff-newline\" \/>Is f\u00e9idir sc\u00e9alta nach bhfuil go hioml\u00e1n br\u00e9agach a chur as a riocht agus \u00fas\u00e1id \u00e1 baint as ceannl\u00ednte m\u00edthreoracha n\u00f3 g\u00e1ifeacha. Is f\u00e9idir leis na cine\u00e1lacha sin nuachta scaipeadh go tapa ar shu\u00edomhanna me\u00e1in s\u00f3isialta \u00e1it nach dtaispe\u00e1ntar ach ceannl\u00ednte agus giota\u00ed beaga \u00f3n alt ioml\u00e1n ar fhotha\u00ed nuachta an lucht l\u00e9ite. <br class=\"xliff-newline\" \/> <br class=\"xliff-newline\" \/><img loading=\"lazy\" decoding=\"async\" class=\"alignnone size-medium wp-image-12638\" src=\"https:\/\/www.webwise.ie\/wp-content\/uploads\/2017\/05\/hpv-300x269.jpg\" alt=\"nuacht bhr\u00e9agach \" width=\"300\" height=\"269\" srcset=\"https:\/\/www.webwise.ie\/wp-content\/uploads\/2017\/05\/hpv-300x269.jpg 300w, https:\/\/www.webwise.ie\/wp-content\/uploads\/2017\/05\/hpv.jpg 767w\" sizes=\"auto, (max-width: 300px) 100vw, 300px\" \/> <br class=\"xliff-newline\" \/> <br class=\"xliff-newline\" \/> <br class=\"xliff-newline\" \/><strong>6. Nuacht Leataobhach\/Claonta<\/strong> <br class=\"xliff-newline\" \/> <br class=\"xliff-newline\" \/>Tarraing\u00edtear go leor daoine chuig nuacht n\u00f3 sc\u00e9alta a dhearbha\u00edonn a gcuid creideamh n\u00f3 claontachta\u00ed f\u00e9in agus is f\u00e9idir le nuacht bhr\u00e9agach teacht i dt\u00edr ar na claontachta\u00ed sin. Is gn\u00e1ch go dtaispe\u00e1nann su\u00edomhanna Idirl\u00edn me\u00e1in s\u00f3isialta sc\u00e9alta agus ailt a measann siad go dtaitneoidh siad linn ar bhonn \u00e1r gcuid cuardach pearsantaithe. <br class=\"xliff-newline\" \/> <br class=\"xliff-newline\" \/><img loading=\"lazy\" decoding=\"async\" class=\"alignnone size-medium wp-image-12634\" src=\"https:\/\/www.webwise.ie\/wp-content\/uploads\/2017\/05\/58336af8180000230c30f517-300x279.png\" alt=\"nuacht bhr\u00e9agach \" width=\"300\" height=\"279\" srcset=\"https:\/\/www.webwise.ie\/wp-content\/uploads\/2017\/05\/58336af8180000230c30f517-300x279.png 300w, https:\/\/www.webwise.ie\/wp-content\/uploads\/2017\/05\/58336af8180000230c30f517.png 720w\" sizes=\"auto, (max-width: 300px) 100vw, 300px\" \/><\/p>\n<h3>Samhail Ghn\u00f3 na Nuachta Br\u00e9aga\u00ed<\/h3>\n<p><br class=\"xliff-newline\" \/><strong>Leis an idirl\u00edon agus na me\u00e1in sh\u00f3isialta t\u00e1 s\u00e9 an-\u00e9asca do dhuine ar bith \u00e1bhar a fhoilsi\u00fa ar shu\u00edomh Idirl\u00edn, bhlag n\u00f3 phr\u00f3if\u00edl me\u00e1in s\u00f3isialta agus is f\u00e9idir leo lucht l\u00e9ite m\u00f3r a bhaint amach. <\/strong>Anois go bhfuil an oiread sin daoine ag f\u00e1il nuachta \u00f3 shu\u00edomhanna me\u00e1in s\u00f3isialta, t\u00e1 bunt\u00e1iste ag go leor cruthaitheoir\u00ed\/foilsitheoir\u00ed \u00e1bhair. <br class=\"xliff-newline\" \/> <br class=\"xliff-newline\" \/>Is f\u00e9idir le nuacht bhr\u00e9agach bheith an-bhrab\u00fasach mar ghn\u00f3, agus \u00ed ag gineadh shuimeanna m\u00f3ra ioncaim \u00f3 fh\u00f3gra\u00edocht le haghaidh foilsitheoir\u00ed a chrutha\u00edonn agus a fhoils\u00edonn sc\u00e9alta a scaipeann go mear ar fud an bhaill. Amhail is m\u00f3 cliceanna a dh\u00e9antar ar sc\u00e9al, is ea is m\u00f3 airgid a dh\u00e9anann foilsitheoir\u00ed ar l\u00edne tr\u00ed ioncam \u00f3 fh\u00f3gra\u00edocht agus <strong>is ard\u00e1n id\u00e9alach iad na me\u00e1in sh\u00f3isialta do go leor foilsitheoir\u00ed chun \u00e1bhar a roinnt agus tr\u00e1cht gr\u00e9as\u00e1in a sti\u00faradh<\/strong><strong>. <\/strong><\/p>\n<h3>Nuacht Bhr\u00e9agach, Na Me\u00e1in Sh\u00f3isialta<strong>, agus an Bolg\u00e1n Scagtha<\/strong><\/h3>\n<p><br class=\"xliff-newline\" \/>In alt deireanach ar litearthacht sna me\u00e1in, thug Hugh Linehan an m\u00e9id seo a leanas faoi deara; \u201cN\u00ed l\u00e9itear go h\u00e9ighn\u00edomhach a thuilleadh na sc\u00e9alta sna me\u00e1in \u2013 crutha\u00edtear iad, roinntear iad, tugtar ord\u00f3g d\u00f3ibh, d\u00e9antar tr\u00e1cht orthu, ionsa\u00edtear agus cosna\u00edtear iad ar go leor beala\u00ed ag na milli\u00fain duine. Agus t\u00e1 na halgartaim a \u00fas\u00e1ideann na cuideachta\u00ed teicneola\u00edochta is cumhachta\u00ed \u2013 <a href=\"http:\/\/www.irishtimes.com\/search\/search-7.1213540\">Google<\/a> agus <a href=\"http:\/\/www.irishtimes.com\/search\/search-7.1213540\">Facebook<\/a> ach go h\u00e1irithe \u2013 ceaptha ar bhealach f\u00edorchliste chun na seirbh\u00eds\u00ed sin a dh\u00e9anamh pearsanta agus a chur in oiri\u00faint do phr\u00f3if\u00edl gach \u00fas\u00e1ideora.\u201d <br class=\"xliff-newline\" \/> <br class=\"xliff-newline\" \/><strong>Nuair a th\u00e9ann muid ar l\u00edne n\u00f3 nuair a log\u00e1lann muid isteach i l\u00edonra me\u00e1in s\u00f3isialta is gn\u00e1ch go dtaispe\u00e1ntar nuacht, ailt n\u00f3 \u00e1bhar d\u00fainn at\u00e1 bunaithe ar \u00e1r gcuid cuardach f\u00e9in ar l\u00edne. <\/strong>Is gn\u00e1ch go l\u00e9ir\u00edonn an cine\u00e1l sin \u00e1bhair na ruda\u00ed a thaitn\u00edonn linn, \u00e1r gcuid tuairim\u00ed agus creideamh f\u00e9in agus mar sin n\u00ed bh\u00edonn muid nochta do dhearca\u00ed n\u00e1 tuairim\u00ed difri\u00fala. Is minic a thugtar bolg\u00e1n scagtha air sin.<\/p>\n<h3>Cad is f\u00e9idir linn a dh\u00e9anamh maidir le nuacht bhr\u00e9agach?<\/h3>\n<p><br class=\"xliff-newline\" \/><strong>T\u00e1 s\u00e9 f\u00f3gartha ag Google agus Facebook go bhfuil siad chun bearta nua a ghlacadh le dul i ngleic le nuacht bhr\u00e9agach tr\u00ed uirlis\u00ed nua a thabhairt isteach chun \u00ed a thuairisci\u00fa n\u00f3 bratach a chur l\u00e9i. <\/strong>Freisin t\u00e1 su\u00edomhanna um sheice\u00e1il f\u00edoras cruthaithe ag eagra\u00edochta\u00ed me\u00e1in ar n\u00f3s BBC agus Channel 4. C\u00e9 gur ruda\u00ed dearfacha iad na forbairt\u00ed sin, is scileanna riachtanacha iad litearthacht sna me\u00e1in digiteacha agus bheith in ann eolas a mheas go critici\u00fail le haghaidh aon duine a \u00fas\u00e1ideann an t-idirl\u00edon agus daoine \u00f3ga ach go h\u00e1irithe. <br class=\"xliff-newline\" \/> <br class=\"xliff-newline\" \/>Mar gheall ar an raidhse eolais at\u00e1 ar f\u00e1il ar l\u00edne agus an m\u00e9ad\u00fa ar nuacht bhr\u00e9agach is g\u00e1 bheith in ann smaoineamh go critici\u00fail. Is g\u00e1 do leana\u00ed smaointeoireacht chritici\u00fail a fhorbairt agus iad an-\u00f3g. Is scil r\u00edth\u00e1bhachtach \u00e9 seo le forbairt ag daoine \u00f3ga agus iad ag dul isteach san oideachas tr\u00ed\u00fa leibh\u00e9al agus ag ullmh\u00fa i gcomhair an ionaid oibre.<\/p>\n<h3>Conas is f\u00e9idir nuacht bhr\u00e9agach a aithint?<\/h3>\n<p><br class=\"xliff-newline\" \/>T\u00e1 roinnt ruda\u00ed ar f\u00e9idir a bheith ag faire amach d\u00f3ibh agus \u00e1bhar ar l\u00edne \u00e1 mheas.<\/p>\n<p>&nbsp;<\/p>\n<ol>\n<li style=\"list-style-type: none;\">\n<ol>\n<li><strong>F\u00e9ach ar\u00eds air<\/strong>\u00a0 \u00a0 \u00a0 \u00a0 \u00a0 \u00a0 \u00a0 \u00a0 \u00a0 \u00a0 \u00a0 \u00a0 \u00a0 \u00a0 \u00a0 \u00a0 \u00a0 \u00a0 \u00a0 \u00a0 \u00a0 \u00a0 \u00a0 \u00a0 \u00a0 \u00a0 \u00a0 \u00a0 \u00a0 \u00a0 \u00a0 \u00a0 \u00a0 \u00a0 \u00a0 \u00a0 \u00a0 \u00a0 <br class=\"xliff-newline\" \/>Seice\u00e1il foinse an sc\u00e9il, an aithn\u00edonn t\u00fa an su\u00edomh Idirl\u00edn? An foinse inchreidte\/iontaofa \u00e9? Mura bhfuil cur amach agat ar an su\u00edomh Idirl\u00edn, f\u00e9ach sa chuid \u2018eolas f\u00fainn\u2019 chun n\u00edos m\u00f3 eolais a fh\u00e1il faoin \u00fadar.<\/li>\n<\/ol>\n<\/li>\n<\/ol>\n<p>&nbsp;<\/p>\n<p>&nbsp;<\/p>\n<p>&nbsp;<\/p>\n<ol start=\"2\">\n<li style=\"list-style-type: none;\">\n<ol start=\"2\">\n<li><strong>F\u00e9ach taobh thiar den cheannl\u00edne<\/strong> <br class=\"xliff-newline\" \/>Seice\u00e1il an t-alt ioml\u00e1n, \u00fas\u00e1idtear ceannl\u00ednte g\u00e1ifeacha n\u00f3 creathnacha i go leor sc\u00e9alta nuachta br\u00e9aga\u00ed chun aird a tharraingt. Is minic go mb\u00edonn ceannl\u00ednte do sc\u00e9alta nuachta br\u00e9aga\u00ed scr\u00edofa i gceannlitreacha amh\u00e1in agus go n-\u00fas\u00e1idtear comhartha\u00ed uaillbhreasa iontu.<\/li>\n<\/ol>\n<\/li>\n<\/ol>\n<p>&nbsp;<\/p>\n<p>&nbsp;<\/p>\n<p>&nbsp;<\/p>\n<ol start=\"3\">\n<li style=\"list-style-type: none;\">\n<ol start=\"3\">\n<li><strong>Seice\u00e1il na foins\u00ed eile<\/strong> <br class=\"xliff-newline\" \/>An bhfuil sol\u00e1thraithe nuachta\/me\u00e1in eile ag tuairisci\u00fa ar an sc\u00e9al? An bhfuil aon fhoins\u00ed luaite sa sc\u00e9al? M\u00e1 t\u00e1, seice\u00e1il an bhfuil siad iontaofa n\u00f3 go deimhin m\u00e1s ann d\u00f3ibh ar chor ar bith!<\/li>\n<\/ol>\n<\/li>\n<\/ol>\n<p>&nbsp;<\/p>\n<p>&nbsp;<\/p>\n<p>&nbsp;<\/p>\n<ol start=\"4\">\n<li style=\"list-style-type: none;\">\n<ol start=\"4\">\n<li><strong>Seice\u00e1il na f\u00edorais<\/strong> <br class=\"xliff-newline\" \/>Is minic go mb\u00edonn d\u00e1ta\u00ed m\u00edchearta n\u00f3 aml\u00ednte athraithe i sc\u00e9alta nuachta br\u00e9aga\u00ed. Is maith an smaoineamh \u00e9 freisin seice\u00e1il cathain a foils\u00edodh an t-alt, an sc\u00e9al nuachta reatha n\u00f3 seansc\u00e9al \u00e9?<\/li>\n<\/ol>\n<\/li>\n<\/ol>\n<p>&nbsp;<\/p>\n<p>&nbsp;<\/p>\n<p>&nbsp;<\/p>\n<ol start=\"5\">\n<li style=\"list-style-type: none;\">\n<ol start=\"5\">\n<li><strong>Seice\u00e1il do chuid claontachta\u00ed<\/strong> <br class=\"xliff-newline\" \/>An bhfuil do chuid tuairim\u00ed n\u00f3 creideamh f\u00e9in ag dul i bhfeidhm ar do bhreithi\u00fanas ar alt n\u00f3 tuairisc nuachta?<\/li>\n<\/ol>\n<\/li>\n<\/ol>\n<p>&nbsp;<\/p>\n<p>&nbsp;<\/p>\n<p>&nbsp;<\/p>\n<ol start=\"6\">\n<li style=\"list-style-type: none;\">\n<ol start=\"6\">\n<li><strong>An sc\u00e9al grinn at\u00e1 ann?<\/strong> <br class=\"xliff-newline\" \/>B\u00edonn an-t\u00f3ir ar shu\u00edomhanna Idirl\u00edn aoracha ar l\u00edne ach uaireanta n\u00ed l\u00e9ir an sc\u00e9al at\u00e1 ann n\u00f3 an \u00e9 go bhfuil an t-\u00fadar ag magadh n\u00f3 ag d\u00e9anamh scigaithrise&#8230;Seice\u00e1il an su\u00edomh Idirl\u00edn, an bhfuil aithne air mar shu\u00edomh ar a gcumtar sc\u00e9alta greannmhara?<\/li>\n<\/ol>\n<\/li>\n<\/ol>\n<p>&nbsp;<\/p>\n<p><br class=\"xliff-newline\" \/><strong>Na f\u00edorais a sheice\u00e1il le haghaidh su\u00edomhanna<\/strong> <br class=\"xliff-newline\" \/> <br class=\"xliff-newline\" \/>Snopes: <a href=\"http:\/\/www.snopes.com\/\" target=\"_blank\" rel=\"noopener noreferrer\">snopes.com\/<\/a> <br class=\"xliff-newline\" \/> <br class=\"xliff-newline\" \/>PolitiFact: <a href=\"http:\/\/www.politifact.com\" target=\"_blank\" rel=\"noopener noreferrer\">politifact.com<\/a> <br class=\"xliff-newline\" \/> <br class=\"xliff-newline\" \/>Fact Check: <a href=\"http:\/\/www.factcheck.org\/\" target=\"_blank\" rel=\"noopener noreferrer\">factcheck.org\/<\/a> <br class=\"xliff-newline\" \/> <br class=\"xliff-newline\" \/>BBC Reality Check: <a href=\"http:\/\/www.bbc.com\/news\/topics\/267ada11-b730-4344-b404-63067c032c65\/reality-check\" target=\"_blank\" rel=\"noopener noreferrer\">bbc.com\/news\/reality-check<\/a> <br class=\"xliff-newline\" \/> <br class=\"xliff-newline\" \/>Channel 4 Fact Check: <a href=\"https:\/\/www.channel4.com\/news\/factcheck\" target=\"_blank\" rel=\"noopener noreferrer\">channel4.com\/news\/factcheck<\/a><\/p>\n","protected":false},"excerpt":{"rendered":"<p>C\u00e9ard is nuacht bhr\u00e9agach ann? D\u2019fh\u00e9adfadh go mbeadh an chuma ar go leor ruda\u00ed a l\u00e9ife\u00e1 ar l\u00edne go mbeid\u00eds [&hellip;]<\/p>\n","protected":false},"author":10,"featured_media":12665,"comment_status":"closed","ping_status":"closed","sticky":false,"template":"","format":"standard","meta":{"_acf_changed":false,"_uag_custom_page_level_css":"","footnotes":""},"categories":[139,79,400],"tags":[387,388,218,380],"class_list":["post-12715","post","type-post","status-publish","format-standard","has-post-thumbnail","hentry","category-comhairle-do-mhuinteoiri-ga","category-muinteoiri-ga","category-trend","tag-faigh-comhairle","tag-litearthacht-sna-meain","tag-na-meain-shoisialta-ga-3","tag-tuismitheoiri-ga-7"],"acf":[],"yoast_head":"<!-- This site is optimized with the Yoast SEO plugin v27.4 - https:\/\/yoast.com\/product\/yoast-seo-wordpress\/ -->\n<title>M\u00ednithe: Cad is Nuacht bhr\u00e9agach ann? | Na Me\u00e1in Sh\u00f3isialta agus Bolg\u00e1in Scagtha<\/title>\n<meta name=\"description\" content=\"Is \u00e9 at\u00e1 i nuacht bhr\u00e9agach n\u00e1 nuacht n\u00f3 sc\u00e9alta a cumadh chun eolas m\u00edcheart a thabhairt do l\u00e9itheoir\u00ed n\u00f3 an dallamull\u00f3g a chur orthu d\u2019aon ghn\u00f3. Is minic a chumtar nuacht bhr\u00e9agach chun tionchar a imirt ar thuairim\u00ed n\u00f3 ar ch\u00faiseanna polaiti\u00fala.\" \/>\n<meta name=\"robots\" content=\"index, follow, max-snippet:-1, max-image-preview:large, max-video-preview:-1\" \/>\n<link rel=\"canonical\" href=\"https:\/\/www.webwise.ie\/ga\/muinteoiri-ga\/minithe-ceard-is-nuacht-bhreagach-ann\/\" \/>\n<meta property=\"og:locale\" content=\"en_US\" \/>\n<meta property=\"og:type\" content=\"article\" \/>\n<meta property=\"og:title\" content=\"M\u00ednithe: Cad is Nuacht bhr\u00e9agach ann? | Na Me\u00e1in Sh\u00f3isialta agus Bolg\u00e1in Scagtha\" \/>\n<meta property=\"og:description\" content=\"Is \u00e9 at\u00e1 i nuacht bhr\u00e9agach n\u00e1 nuacht n\u00f3 sc\u00e9alta a cumadh chun eolas m\u00edcheart a thabhairt do l\u00e9itheoir\u00ed n\u00f3 an dallamull\u00f3g a chur orthu d\u2019aon ghn\u00f3. Is minic a chumtar nuacht bhr\u00e9agach chun tionchar a imirt ar thuairim\u00ed n\u00f3 ar ch\u00faiseanna polaiti\u00fala.\" \/>\n<meta property=\"og:url\" content=\"https:\/\/www.webwise.ie\/ga\/muinteoiri-ga\/minithe-ceard-is-nuacht-bhreagach-ann\/\" \/>\n<meta property=\"og:site_name\" content=\"Webwise.ie\" \/>\n<meta property=\"article:publisher\" content=\"https:\/\/www.facebook.com\/Webwise\/\" \/>\n<meta property=\"article:published_time\" content=\"2017-06-08T10:17:57+00:00\" \/>\n<meta property=\"article:modified_time\" content=\"2017-12-05T09:52:43+00:00\" \/>\n<meta property=\"og:image\" content=\"https:\/\/www.webwise.ie\/wp-content\/uploads\/2014\/04\/slider-2-2.jpg\" \/>\n\t<meta property=\"og:image:width\" content=\"740\" \/>\n\t<meta property=\"og:image:height\" content=\"360\" \/>\n\t<meta property=\"og:image:type\" content=\"image\/jpeg\" \/>\n<meta name=\"author\" content=\"Jane McGarrigle\" \/>\n<meta name=\"twitter:label1\" content=\"Written by\" \/>\n\t<meta name=\"twitter:data1\" content=\"Jane McGarrigle\" \/>\n\t<meta name=\"twitter:label2\" content=\"Est. reading time\" \/>\n\t<meta name=\"twitter:data2\" content=\"9 minutes\" \/>\n<script type=\"application\/ld+json\" class=\"yoast-schema-graph\">{\"@context\":\"https:\\\/\\\/schema.org\",\"@graph\":[{\"@type\":\"Article\",\"@id\":\"https:\\\/\\\/www.webwise.ie\\\/ga\\\/muinteoiri-ga\\\/minithe-ceard-is-nuacht-bhreagach-ann\\\/#article\",\"isPartOf\":{\"@id\":\"https:\\\/\\\/www.webwise.ie\\\/ga\\\/muinteoiri-ga\\\/minithe-ceard-is-nuacht-bhreagach-ann\\\/\"},\"author\":{\"name\":\"Jane McGarrigle\",\"@id\":\"https:\\\/\\\/www.webwise.ie\\\/ga\\\/#\\\/schema\\\/person\\\/e9581b863d6d7c0f1a3e54768525c322\"},\"headline\":\"M\u00ednithe: C\u00e9ard is nuacht bhr\u00e9agach ann?\",\"datePublished\":\"2017-06-08T10:17:57+00:00\",\"dateModified\":\"2017-12-05T09:52:43+00:00\",\"mainEntityOfPage\":{\"@id\":\"https:\\\/\\\/www.webwise.ie\\\/ga\\\/muinteoiri-ga\\\/minithe-ceard-is-nuacht-bhreagach-ann\\\/\"},\"wordCount\":1843,\"image\":{\"@id\":\"https:\\\/\\\/www.webwise.ie\\\/ga\\\/muinteoiri-ga\\\/minithe-ceard-is-nuacht-bhreagach-ann\\\/#primaryimage\"},\"thumbnailUrl\":\"https:\\\/\\\/www.webwise.ie\\\/wp-content\\\/uploads\\\/2014\\\/04\\\/slider-2-2.jpg\",\"keywords\":[\"Faigh comhairle\",\"litearthacht sna me\u00e1in\",\"Tuismitheoir\u00ed\",\"Tuismitheoir\u00ed\"],\"articleSection\":[\"Comhairle do Mh\u00fainteoir\u00ed\",\"M\u00fainteoir\u00ed\",\"Treocht\"],\"inLanguage\":\"en-GA\"},{\"@type\":\"WebPage\",\"@id\":\"https:\\\/\\\/www.webwise.ie\\\/ga\\\/muinteoiri-ga\\\/minithe-ceard-is-nuacht-bhreagach-ann\\\/\",\"url\":\"https:\\\/\\\/www.webwise.ie\\\/ga\\\/muinteoiri-ga\\\/minithe-ceard-is-nuacht-bhreagach-ann\\\/\",\"name\":\"M\u00ednithe: Cad is Nuacht bhr\u00e9agach ann? | Na Me\u00e1in Sh\u00f3isialta agus Bolg\u00e1in Scagtha\",\"isPartOf\":{\"@id\":\"https:\\\/\\\/www.webwise.ie\\\/ga\\\/#website\"},\"primaryImageOfPage\":{\"@id\":\"https:\\\/\\\/www.webwise.ie\\\/ga\\\/muinteoiri-ga\\\/minithe-ceard-is-nuacht-bhreagach-ann\\\/#primaryimage\"},\"image\":{\"@id\":\"https:\\\/\\\/www.webwise.ie\\\/ga\\\/muinteoiri-ga\\\/minithe-ceard-is-nuacht-bhreagach-ann\\\/#primaryimage\"},\"thumbnailUrl\":\"https:\\\/\\\/www.webwise.ie\\\/wp-content\\\/uploads\\\/2014\\\/04\\\/slider-2-2.jpg\",\"datePublished\":\"2017-06-08T10:17:57+00:00\",\"dateModified\":\"2017-12-05T09:52:43+00:00\",\"author\":{\"@id\":\"https:\\\/\\\/www.webwise.ie\\\/ga\\\/#\\\/schema\\\/person\\\/e9581b863d6d7c0f1a3e54768525c322\"},\"description\":\"Is \u00e9 at\u00e1 i nuacht bhr\u00e9agach n\u00e1 nuacht n\u00f3 sc\u00e9alta a cumadh chun eolas m\u00edcheart a thabhairt do l\u00e9itheoir\u00ed n\u00f3 an dallamull\u00f3g a chur orthu d\u2019aon ghn\u00f3. Is minic a chumtar nuacht bhr\u00e9agach chun tionchar a imirt ar thuairim\u00ed n\u00f3 ar ch\u00faiseanna polaiti\u00fala.\",\"breadcrumb\":{\"@id\":\"https:\\\/\\\/www.webwise.ie\\\/ga\\\/muinteoiri-ga\\\/minithe-ceard-is-nuacht-bhreagach-ann\\\/#breadcrumb\"},\"inLanguage\":\"en-GA\",\"potentialAction\":[{\"@type\":\"ReadAction\",\"target\":[\"https:\\\/\\\/www.webwise.ie\\\/ga\\\/muinteoiri-ga\\\/minithe-ceard-is-nuacht-bhreagach-ann\\\/\"]}]},{\"@type\":\"ImageObject\",\"inLanguage\":\"en-GA\",\"@id\":\"https:\\\/\\\/www.webwise.ie\\\/ga\\\/muinteoiri-ga\\\/minithe-ceard-is-nuacht-bhreagach-ann\\\/#primaryimage\",\"url\":\"https:\\\/\\\/www.webwise.ie\\\/wp-content\\\/uploads\\\/2014\\\/04\\\/slider-2-2.jpg\",\"contentUrl\":\"https:\\\/\\\/www.webwise.ie\\\/wp-content\\\/uploads\\\/2014\\\/04\\\/slider-2-2.jpg\",\"width\":740,\"height\":360},{\"@type\":\"BreadcrumbList\",\"@id\":\"https:\\\/\\\/www.webwise.ie\\\/ga\\\/muinteoiri-ga\\\/minithe-ceard-is-nuacht-bhreagach-ann\\\/#breadcrumb\",\"itemListElement\":[{\"@type\":\"ListItem\",\"position\":1,\"name\":\"Home\",\"item\":\"https:\\\/\\\/www.webwise.ie\\\/ga\\\/\"},{\"@type\":\"ListItem\",\"position\":2,\"name\":\"M\u00ednithe: C\u00e9ard is nuacht bhr\u00e9agach ann?\"}]},{\"@type\":\"WebSite\",\"@id\":\"https:\\\/\\\/www.webwise.ie\\\/ga\\\/#website\",\"url\":\"https:\\\/\\\/www.webwise.ie\\\/ga\\\/\",\"name\":\"Webwise\",\"description\":\"The Irish Internet Safety Awareness Centre\",\"potentialAction\":[{\"@type\":\"SearchAction\",\"target\":{\"@type\":\"EntryPoint\",\"urlTemplate\":\"https:\\\/\\\/www.webwise.ie\\\/ga\\\/?s={search_term_string}\"},\"query-input\":{\"@type\":\"PropertyValueSpecification\",\"valueRequired\":true,\"valueName\":\"search_term_string\"}}],\"inLanguage\":\"en-GA\"},{\"@type\":\"Person\",\"@id\":\"https:\\\/\\\/www.webwise.ie\\\/ga\\\/#\\\/schema\\\/person\\\/e9581b863d6d7c0f1a3e54768525c322\",\"name\":\"Jane McGarrigle\",\"image\":{\"@type\":\"ImageObject\",\"inLanguage\":\"en-GA\",\"@id\":\"https:\\\/\\\/secure.gravatar.com\\\/avatar\\\/7ff61c3bfb02f029458a00949e5feb219955a44f1560b5919382f7e2551a86d1?s=96&d=mm&r=g\",\"url\":\"https:\\\/\\\/secure.gravatar.com\\\/avatar\\\/7ff61c3bfb02f029458a00949e5feb219955a44f1560b5919382f7e2551a86d1?s=96&d=mm&r=g\",\"contentUrl\":\"https:\\\/\\\/secure.gravatar.com\\\/avatar\\\/7ff61c3bfb02f029458a00949e5feb219955a44f1560b5919382f7e2551a86d1?s=96&d=mm&r=g\",\"caption\":\"Jane McGarrigle\"},\"url\":\"https:\\\/\\\/www.webwise.ie\\\/ga\\\/author\\\/jane\\\/\"}]}<\/script>\n<!-- \/ Yoast SEO plugin. -->","yoast_head_json":{"title":"M\u00ednithe: Cad is Nuacht bhr\u00e9agach ann? | Na Me\u00e1in Sh\u00f3isialta agus Bolg\u00e1in Scagtha","description":"Is \u00e9 at\u00e1 i nuacht bhr\u00e9agach n\u00e1 nuacht n\u00f3 sc\u00e9alta a cumadh chun eolas m\u00edcheart a thabhairt do l\u00e9itheoir\u00ed n\u00f3 an dallamull\u00f3g a chur orthu d\u2019aon ghn\u00f3. Is minic a chumtar nuacht bhr\u00e9agach chun tionchar a imirt ar thuairim\u00ed n\u00f3 ar ch\u00faiseanna polaiti\u00fala.","robots":{"index":"index","follow":"follow","max-snippet":"max-snippet:-1","max-image-preview":"max-image-preview:large","max-video-preview":"max-video-preview:-1"},"canonical":"https:\/\/www.webwise.ie\/ga\/muinteoiri-ga\/minithe-ceard-is-nuacht-bhreagach-ann\/","og_locale":"en_US","og_type":"article","og_title":"M\u00ednithe: Cad is Nuacht bhr\u00e9agach ann? | Na Me\u00e1in Sh\u00f3isialta agus Bolg\u00e1in Scagtha","og_description":"Is \u00e9 at\u00e1 i nuacht bhr\u00e9agach n\u00e1 nuacht n\u00f3 sc\u00e9alta a cumadh chun eolas m\u00edcheart a thabhairt do l\u00e9itheoir\u00ed n\u00f3 an dallamull\u00f3g a chur orthu d\u2019aon ghn\u00f3. Is minic a chumtar nuacht bhr\u00e9agach chun tionchar a imirt ar thuairim\u00ed n\u00f3 ar ch\u00faiseanna polaiti\u00fala.","og_url":"https:\/\/www.webwise.ie\/ga\/muinteoiri-ga\/minithe-ceard-is-nuacht-bhreagach-ann\/","og_site_name":"Webwise.ie","article_publisher":"https:\/\/www.facebook.com\/Webwise\/","article_published_time":"2017-06-08T10:17:57+00:00","article_modified_time":"2017-12-05T09:52:43+00:00","og_image":[{"width":740,"height":360,"url":"https:\/\/www.webwise.ie\/wp-content\/uploads\/2014\/04\/slider-2-2.jpg","type":"image\/jpeg"}],"author":"Jane McGarrigle","twitter_misc":{"Written by":"Jane McGarrigle","Est. reading time":"9 minutes"},"schema":{"@context":"https:\/\/schema.org","@graph":[{"@type":"Article","@id":"https:\/\/www.webwise.ie\/ga\/muinteoiri-ga\/minithe-ceard-is-nuacht-bhreagach-ann\/#article","isPartOf":{"@id":"https:\/\/www.webwise.ie\/ga\/muinteoiri-ga\/minithe-ceard-is-nuacht-bhreagach-ann\/"},"author":{"name":"Jane McGarrigle","@id":"https:\/\/www.webwise.ie\/ga\/#\/schema\/person\/e9581b863d6d7c0f1a3e54768525c322"},"headline":"M\u00ednithe: C\u00e9ard is nuacht bhr\u00e9agach ann?","datePublished":"2017-06-08T10:17:57+00:00","dateModified":"2017-12-05T09:52:43+00:00","mainEntityOfPage":{"@id":"https:\/\/www.webwise.ie\/ga\/muinteoiri-ga\/minithe-ceard-is-nuacht-bhreagach-ann\/"},"wordCount":1843,"image":{"@id":"https:\/\/www.webwise.ie\/ga\/muinteoiri-ga\/minithe-ceard-is-nuacht-bhreagach-ann\/#primaryimage"},"thumbnailUrl":"https:\/\/www.webwise.ie\/wp-content\/uploads\/2014\/04\/slider-2-2.jpg","keywords":["Faigh comhairle","litearthacht sna me\u00e1in","Tuismitheoir\u00ed","Tuismitheoir\u00ed"],"articleSection":["Comhairle do Mh\u00fainteoir\u00ed","M\u00fainteoir\u00ed","Treocht"],"inLanguage":"en-GA"},{"@type":"WebPage","@id":"https:\/\/www.webwise.ie\/ga\/muinteoiri-ga\/minithe-ceard-is-nuacht-bhreagach-ann\/","url":"https:\/\/www.webwise.ie\/ga\/muinteoiri-ga\/minithe-ceard-is-nuacht-bhreagach-ann\/","name":"M\u00ednithe: Cad is Nuacht bhr\u00e9agach ann? | Na Me\u00e1in Sh\u00f3isialta agus Bolg\u00e1in Scagtha","isPartOf":{"@id":"https:\/\/www.webwise.ie\/ga\/#website"},"primaryImageOfPage":{"@id":"https:\/\/www.webwise.ie\/ga\/muinteoiri-ga\/minithe-ceard-is-nuacht-bhreagach-ann\/#primaryimage"},"image":{"@id":"https:\/\/www.webwise.ie\/ga\/muinteoiri-ga\/minithe-ceard-is-nuacht-bhreagach-ann\/#primaryimage"},"thumbnailUrl":"https:\/\/www.webwise.ie\/wp-content\/uploads\/2014\/04\/slider-2-2.jpg","datePublished":"2017-06-08T10:17:57+00:00","dateModified":"2017-12-05T09:52:43+00:00","author":{"@id":"https:\/\/www.webwise.ie\/ga\/#\/schema\/person\/e9581b863d6d7c0f1a3e54768525c322"},"description":"Is \u00e9 at\u00e1 i nuacht bhr\u00e9agach n\u00e1 nuacht n\u00f3 sc\u00e9alta a cumadh chun eolas m\u00edcheart a thabhairt do l\u00e9itheoir\u00ed n\u00f3 an dallamull\u00f3g a chur orthu d\u2019aon ghn\u00f3. Is minic a chumtar nuacht bhr\u00e9agach chun tionchar a imirt ar thuairim\u00ed n\u00f3 ar ch\u00faiseanna polaiti\u00fala.","breadcrumb":{"@id":"https:\/\/www.webwise.ie\/ga\/muinteoiri-ga\/minithe-ceard-is-nuacht-bhreagach-ann\/#breadcrumb"},"inLanguage":"en-GA","potentialAction":[{"@type":"ReadAction","target":["https:\/\/www.webwise.ie\/ga\/muinteoiri-ga\/minithe-ceard-is-nuacht-bhreagach-ann\/"]}]},{"@type":"ImageObject","inLanguage":"en-GA","@id":"https:\/\/www.webwise.ie\/ga\/muinteoiri-ga\/minithe-ceard-is-nuacht-bhreagach-ann\/#primaryimage","url":"https:\/\/www.webwise.ie\/wp-content\/uploads\/2014\/04\/slider-2-2.jpg","contentUrl":"https:\/\/www.webwise.ie\/wp-content\/uploads\/2014\/04\/slider-2-2.jpg","width":740,"height":360},{"@type":"BreadcrumbList","@id":"https:\/\/www.webwise.ie\/ga\/muinteoiri-ga\/minithe-ceard-is-nuacht-bhreagach-ann\/#breadcrumb","itemListElement":[{"@type":"ListItem","position":1,"name":"Home","item":"https:\/\/www.webwise.ie\/ga\/"},{"@type":"ListItem","position":2,"name":"M\u00ednithe: C\u00e9ard is nuacht bhr\u00e9agach ann?"}]},{"@type":"WebSite","@id":"https:\/\/www.webwise.ie\/ga\/#website","url":"https:\/\/www.webwise.ie\/ga\/","name":"Webwise","description":"The Irish Internet Safety Awareness Centre","potentialAction":[{"@type":"SearchAction","target":{"@type":"EntryPoint","urlTemplate":"https:\/\/www.webwise.ie\/ga\/?s={search_term_string}"},"query-input":{"@type":"PropertyValueSpecification","valueRequired":true,"valueName":"search_term_string"}}],"inLanguage":"en-GA"},{"@type":"Person","@id":"https:\/\/www.webwise.ie\/ga\/#\/schema\/person\/e9581b863d6d7c0f1a3e54768525c322","name":"Jane McGarrigle","image":{"@type":"ImageObject","inLanguage":"en-GA","@id":"https:\/\/secure.gravatar.com\/avatar\/7ff61c3bfb02f029458a00949e5feb219955a44f1560b5919382f7e2551a86d1?s=96&d=mm&r=g","url":"https:\/\/secure.gravatar.com\/avatar\/7ff61c3bfb02f029458a00949e5feb219955a44f1560b5919382f7e2551a86d1?s=96&d=mm&r=g","contentUrl":"https:\/\/secure.gravatar.com\/avatar\/7ff61c3bfb02f029458a00949e5feb219955a44f1560b5919382f7e2551a86d1?s=96&d=mm&r=g","caption":"Jane McGarrigle"},"url":"https:\/\/www.webwise.ie\/ga\/author\/jane\/"}]}},"spectra_custom_meta":{"_vc_post_settings":["a:1:{s:10:\"vc_grid_id\";a:0:{}}"],"_alp_processed":["1496917077"],"_top_nav_excluded":[""],"_cms_nav_minihome":[""],"_yoast_wpseo_title":["M\u00ednithe: Cad is Nuacht bhr\u00e9agach ann? | Na Me\u00e1in Sh\u00f3isialta agus Bolg\u00e1in Scagtha"],"_yoast_wpseo_metadesc":["Is \u00e9 at\u00e1 i nuacht bhr\u00e9agach n\u00e1 nuacht n\u00f3 sc\u00e9alta a cumadh chun eolas m\u00edcheart a thabhairt do l\u00e9itheoir\u00ed n\u00f3 an dallamull\u00f3g a chur orthu d\u2019aon ghn\u00f3. Is minic a chumtar nuacht bhr\u00e9agach chun tionchar a imirt ar thuairim\u00ed n\u00f3 ar ch\u00faiseanna polaiti\u00fala."],"_yoast_wpseo_focuskw":["nuacht bhr\u00e9agach"],"_edit_lock":["1512467883:10"],"_edit_last":["10"],"_yoast_wpseo_focuskw_text_input":["nuacht bhr\u00e9agach"],"_yoast_wpseo_linkdex":["84"],"_yoast_wpseo_content_score":["30"],"short_title":["C\u00e9ard is nuacht bhr\u00e9agach ann?"],"_short_title":["field_588b54d9edbd0"],"teacher_feature":["No"],"_teacher_feature":["field_537cabfb09d96"],"parent_feature":["No"],"_parent_feature":["field_537cadafcb7d8"],"_thumbnail_id":["12665"],"video_format_choose":["youtube"],"_wpb_vc_js_status":["false"],"qode_animate-page-title":["no"],"qode_show-page-title-text":["no"],"qode_show-page-title-image":["no"],"qode_show-sidebar":["default"],"qode_hide-featured-image":["no"],"_wpml_media_duplicate":["0"],"_wpml_media_featured":["0"],"_yoast_wpseo_primary_category":["7"]},"uagb_featured_image_src":{"full":["https:\/\/www.webwise.ie\/wp-content\/uploads\/2014\/04\/slider-2-2.jpg",740,360,false],"thumbnail":["https:\/\/www.webwise.ie\/wp-content\/uploads\/2014\/04\/slider-2-2-190x130.jpg",190,130,true],"medium":["https:\/\/www.webwise.ie\/wp-content\/uploads\/2014\/04\/slider-2-2-300x146.jpg",300,146,true],"medium_large":["https:\/\/www.webwise.ie\/wp-content\/uploads\/2014\/04\/slider-2-2.jpg",640,311,false],"large":["https:\/\/www.webwise.ie\/wp-content\/uploads\/2014\/04\/slider-2-2.jpg",640,311,false],"listing-thumbnail":["https:\/\/www.webwise.ie\/wp-content\/uploads\/2014\/04\/slider-2-2.jpg",740,360,false],"listing-location-thumbnail":["https:\/\/www.webwise.ie\/wp-content\/uploads\/2014\/04\/slider-2-2.jpg",150,73,false],"1536x1536":["https:\/\/www.webwise.ie\/wp-content\/uploads\/2014\/04\/slider-2-2.jpg",740,360,false],"2048x2048":["https:\/\/www.webwise.ie\/wp-content\/uploads\/2014\/04\/slider-2-2.jpg",740,360,false],"gform-image-choice-sm":["https:\/\/www.webwise.ie\/wp-content\/uploads\/2014\/04\/slider-2-2.jpg",300,146,false],"gform-image-choice-md":["https:\/\/www.webwise.ie\/wp-content\/uploads\/2014\/04\/slider-2-2.jpg",400,195,false],"gform-image-choice-lg":["https:\/\/www.webwise.ie\/wp-content\/uploads\/2014\/04\/slider-2-2.jpg",600,292,false]},"uagb_author_info":{"display_name":"Jane McGarrigle","author_link":"https:\/\/www.webwise.ie\/ga\/author\/jane\/"},"uagb_comment_info":0,"uagb_excerpt":"C\u00e9ard is nuacht bhr\u00e9agach ann? D\u2019fh\u00e9adfadh go mbeadh an chuma ar go leor ruda\u00ed a l\u00e9ife\u00e1 ar l\u00edne go mbeid\u00eds [&hellip;]","_links":{"self":[{"href":"https:\/\/www.webwise.ie\/ga\/wp-json\/wp\/v2\/posts\/12715","targetHints":{"allow":["GET"]}}],"collection":[{"href":"https:\/\/www.webwise.ie\/ga\/wp-json\/wp\/v2\/posts"}],"about":[{"href":"https:\/\/www.webwise.ie\/ga\/wp-json\/wp\/v2\/types\/post"}],"author":[{"embeddable":true,"href":"https:\/\/www.webwise.ie\/ga\/wp-json\/wp\/v2\/users\/10"}],"replies":[{"embeddable":true,"href":"https:\/\/www.webwise.ie\/ga\/wp-json\/wp\/v2\/comments?post=12715"}],"version-history":[{"count":0,"href":"https:\/\/www.webwise.ie\/ga\/wp-json\/wp\/v2\/posts\/12715\/revisions"}],"wp:featuredmedia":[{"embeddable":true,"href":"https:\/\/www.webwise.ie\/ga\/wp-json\/wp\/v2\/media\/12665"}],"wp:attachment":[{"href":"https:\/\/www.webwise.ie\/ga\/wp-json\/wp\/v2\/media?parent=12715"}],"wp:term":[{"taxonomy":"category","embeddable":true,"href":"https:\/\/www.webwise.ie\/ga\/wp-json\/wp\/v2\/categories?post=12715"},{"taxonomy":"post_tag","embeddable":true,"href":"https:\/\/www.webwise.ie\/ga\/wp-json\/wp\/v2\/tags?post=12715"}],"curies":[{"name":"wp","href":"https:\/\/api.w.org\/{rel}","templated":true}]}}