{"id":1747,"date":"2014-06-18T11:32:32","date_gmt":"2014-06-18T11:32:32","guid":{"rendered":"http:\/\/webwise.nevada.ie\/?p=1747"},"modified":"2014-06-23T16:11:39","modified_gmt":"2014-06-23T16:11:39","slug":"minithe-cad-is-ask-fm-ann","status":"publish","type":"post","link":"https:\/\/www.webwise.ie\/ga\/tuismitheoiri-ga\/minithe-cad-is-ask-fm-ann\/","title":{"rendered":"M\u00ednithe: Cad is Ask.fm ann?"},"content":{"rendered":"<div style=\"width: 620px; height: 300px;\"><a href=\"https:\/\/www.webwise.ie\/wp-content\/uploads\/1970\/01\/AskHomepage.jpg\"><img loading=\"lazy\" decoding=\"async\" class=\"alignleft size-full wp-image-1701\" src=\"https:\/\/www.webwise.ie\/wp-content\/uploads\/1970\/01\/AskHomepage.jpg\" alt=\"AskHomepage\" width=\"620\" height=\"300\" srcset=\"https:\/\/www.webwise.ie\/wp-content\/uploads\/1970\/01\/AskHomepage.jpg 620w, https:\/\/www.webwise.ie\/wp-content\/uploads\/1970\/01\/AskHomepage-300x145.jpg 300w\" sizes=\"auto, (max-width: 620px) 100vw, 620px\" \/><\/a><\/div>\n<p><b>Is su\u00edomh \u00e9 Ask.fm chun ceisteanna a ard\u00fa agus is ceann de na haipeanna ar l\u00edne is d\u00e9ana\u00ed \u00e9 a bhfuil t\u00f3ir ag teacht air i measc ph\u00e1ist\u00ed na h\u00c9ireann.<\/b><\/p>\n<p>T\u00e1 roinnt su\u00edomhanna cos\u00fail leis ann agus is f\u00e9idir rochtain a fh\u00e1il orthu go h\u00e9asca ar l\u00edne ach t\u00e1 an l\u00e1mh in uachtar aige ar shu\u00edomhanna eile amhail Formspring agus Spillit le h\u00fas\u00e1ideoir\u00ed \u00f3ga \u00c9ireannacha.<\/p>\n<p>Is seirbh\u00eds \u00ed Ask.fm chun ceisteanna a chur agus iad a fhreagairt a thugann deis do dhaoine ceisteanna consp\u00f3ideacha a chur agus a fhreagairt go hioml\u00e1n gan ainm.<\/p>\n<p>F\u00e9adfaidh na freagra\u00ed a bheith ina dt\u00e9acsanna n\u00f3 ina bhf\u00edse\u00e1in, agus is f\u00e9idir le h\u00fas\u00e1ideoir\u00ed brabhs\u00e1il tr\u00ed phr\u00f3if\u00edl\u00ed daoine eile agus rogha acu ceisteanna a chur d\u00edreach faoina mbr\u00e1id.<\/p>\n<p>T\u00e1 s\u00e9 an-\u00e9asca an tseirbh\u00eds a \u00fas\u00e1id &#8212; is f\u00e9idir ceist a chur ar dhaoine \u00e1irithe amh\u00e1in n\u00f3 ar na h\u00fas\u00e1ideoir\u00ed uile, n\u00f3 is f\u00e9idir leat ceisteanna a fhreagairt a thagann an\u00edos ar d\u2019fhotha.<\/p>\n<p>San \u00e1ireamh sna ceisteanna tipici\u00fala ar an su\u00edomh t\u00e1 na ceisteanna seo a leanas: \u201cC\u00e9ard a dh\u00e9anf\u00e1 d\u00e1 mbuaf\u00e1 an crannchur n\u00e1isi\u00fanta?\u201d, \u201cC\u00e9ard \u00e9 an scann\u00e1n is scanr\u00fala at\u00e1 feicthe agat?\u201d, agus \u201cC\u00e9ard \u00e9 an f\u00edse\u00e1n deiridh a chonaic t\u00fa ar YouTube?\u201d<\/p>\n<div style=\"width: 600px; height: 150px;\"><a href=\"https:\/\/www.webwise.ie\/wp-content\/uploads\/2014\/06\/AskSG.jpg\"><img loading=\"lazy\" decoding=\"async\" class=\"size-full wp-image-1741 aligncenter\" src=\"https:\/\/www.webwise.ie\/wp-content\/uploads\/2014\/06\/AskSG.jpg\" alt=\"AskSG\" width=\"620\" height=\"150\" srcset=\"https:\/\/www.webwise.ie\/wp-content\/uploads\/2014\/06\/AskSG.jpg 620w, https:\/\/www.webwise.ie\/wp-content\/uploads\/2014\/06\/AskSG-300x72.jpg 300w\" sizes=\"auto, (max-width: 620px) 100vw, 620px\" \/><\/a><\/div>\n<p>T\u00e1 an su\u00edomh an-chomhth\u00e1thaithe le l\u00e1ithre\u00e1in l\u00edonraithe sh\u00f3isialta is m\u00f3 t\u00f3ir amhail Facebook, Tumblr agus Twitter.<\/p>\n<p>Is f\u00e9idir le h\u00fas\u00e1ideoir\u00ed cuireadh a thabhairt d\u00e1 gcairde agus d\u00e1 leant\u00f3ir\u00ed ceisteanna a chur orthu tr\u00ed naisc a chur ar a n-aml\u00ednte n\u00f3 ar a bhfotha\u00ed Twitter.<\/p>\n<p>Is f\u00e9idir le h\u00fas\u00e1ideoir\u00ed freisin ceisteanna n\u00f3 freagra\u00ed at\u00e1 ar phr\u00f3if\u00edl ask.fm \u00fas\u00e1ideora a roinnt ar Facebook tr\u00ed \u2018Is maith liom \u00e9\u2019 a chlice\u00e1il.<\/p>\n<h3>Cad iad na riosca\u00ed at\u00e1 i gceist do Ph\u00e1ist\u00ed a \u00fas\u00e1ideann Ask.fm?<\/h3>\n<p>Tuigimid go bhfuil an-spraoi ag baint le haipeanna do cheisteanna den chuid is m\u00f3 agus nach nd\u00e9antar dochar leo ach amh\u00e1in nuair a mh\u00ed-\u00fas\u00e1idtear iad.<\/p>\n<p>Ach ag f\u00e9achaint don mh\u00e9id at\u00e1 \u00e1 r\u00e1 ag daoine \u00e1irithe faoin su\u00edomh, t\u00e1 s\u00e9 \u00e1 mh\u00ed-\u00fas\u00e1id go forleathan.<\/p>\n<p>N\u00ed chaithfear ach s\u00fail a chaitheamh go sciobtha ar an su\u00edomh chun a fh\u00e1il amach go bhfuil \u00e1bhar gn\u00e9asaithe, maslach agus bula\u00edochta \u00e1 chur ann gan aon seice\u00e1il d\u00e9anta air.<\/p>\n<p>An ghn\u00e9 uath\u00fail dh\u00edolach\u00e1in a bhaineann le Ask.fm n\u00e1 go bhfuil r\u00e1tha\u00edocht go bhfanfar gan ainm. D\u00faradh ar Twitter le d\u00e9ana\u00ed lena leant\u00f3ir\u00ed nach bhfoilseofar go deo sonra\u00ed aon duine a chuirfidh \u00e1bhar ar an su\u00edomh.<\/p>\n<div class=\"callout_right\">T\u00e1 \u00e1bhar gn\u00e9asaithe, maslach agus bula\u00edochta ar an su\u00edomh.<\/div>\n<p>\u00d3s rud \u00e9 go bhf\u00e9adfar ceist ar bith a chur ar aon duine n\u00f3 \u00e1bhar ar bith a chur ar a s(h)u\u00edomh gan d\u2019ainm a nochtadh, is l\u00e9ir go gcuireann s\u00e9 seo le leibh\u00e9il urchoillte a laghd\u00fa a bh\u00edonn i gceist go minic agus daoine \u00f3ga ag d\u00e9anamh cumars\u00e1ide ar l\u00edne.<\/p>\n<p>I bhfocla\u00edocht eile, t\u00e1 claonadh againn ruda\u00ed a r\u00e1 le daoine ar l\u00edne nach ndeirtear lena mb\u00e9al &#8211; cuirtear leis seo nuair a dh\u00e9anaimid cumars\u00e1id gan ainm.<\/p>\n<p>Mar thoradh, t\u00e1 na ceisteanna agus na n\u00f3ta\u00ed tr\u00e1chta gn\u00e9asaithe, maslacha agus thar a bheith gr\u00e1nna le feice\u00e1il go forleathan i measc na gceisteanna ar ch\u00farsa\u00ed ceili\u00far\u00e1in agus ar chine\u00e1l saoil.<\/p>\n<p>Arda\u00edonn an su\u00edomh roinnt saincheisteanna freisin a bhaineann le pr\u00edobh\u00e1ideachais. N\u00edl m\u00f3r\u00e1n ann a riala\u00edonn pr\u00edobh\u00e1ideachas agus cialla\u00edonn s\u00e9 seo gur f\u00e9idir le haon duine f\u00e9achaint ar cheisteanna agus ar fhreagra\u00ed araon, fi\u00fa daoine nach n-\u00fas\u00e1ideann an su\u00edomh.<\/p>\n<p>Is \u00e9 seo an r\u00e9amhshocr\u00fa agus n\u00ed l\u00e9ir an bhfuil rogha ann chun an m\u00e9id seo a athr\u00fa: nuair a fhoils\u00edtear post t\u00e1 rochtain ar an bpobal air.<\/p>\n<p>Go bun\u00fasach: N\u00edl fi\u00fa na cosaint\u00ed teicni\u00fala is bun\u00fasa\u00ed do dhaoine \u00f3ga ar Ask.fm. N\u00edl aon mheicn\u00edocht ann chun \u00e1bhar maslach a thuairisci\u00fa ar an su\u00edomh. N\u00edl aon fhoinse um chomhairle ann d\u2019\u00fas\u00e1ideoir\u00ed \u00f3ga, n\u00e1 aon rial\u00fa ar an bpr\u00edobh\u00e1ideachas.<\/p>\n<h3>Comhairle do Thuismitheoir\u00ed Maidir le Ask.fm<\/h3>\n<p>&nbsp;<\/p>\n<p><b>Thar aon rud eile, t\u00e1 s\u00e9 thar a bheith t\u00e1bhachtach cumars\u00e1id mhaith oscailte a bheith agat le do ph\u00e1iste faoin m\u00e9id a dh\u00e9anann s\u00e9 n\u00f3 s\u00ed ar l\u00edne.<\/b><\/p>\n<p>Cuimhnigh, f\u00e9adtar nach mbeidh deireadh gach eolais agat faoi bh\u00edoga\u00edl, blaganna agus aipeanna ach t\u00e1 fios do ghn\u00f3tha\u00ed agat faoi thuismitheoireacht agus baineann na prionsabail ch\u00e9anna leis seo.<\/p>\n<p>Ba ch\u00f3ir duit suigh s\u00edos le do ph\u00e1ise agus an \u00fas\u00e1id a bhaineann s\u00e9 n\u00f3 s\u00ed as Ask.fm a phl\u00e9 leis n\u00f3 l\u00e9i.<\/p>\n<p>T\u00e1 s\u00e9 t\u00e1bhachtach go socr\u00f3idh t\u00fa rialacha agus teorainneacha maidir leis an \u00fas\u00e1id a bhaineann do ph\u00e1iste as an su\u00edomh seo.<\/p>\n<p>T\u00e1 gach p\u00e1iste difri\u00fail agus caithfidh tuismitheoir\u00ed cinneadh a dh\u00e9anamh maidir leis an gcur chuige is fearr d\u00e1 bp\u00e1iste.<\/p>\n<p>T\u00e1 \u00e9ags\u00falacht idir na cur chuige tipici\u00fala: \u00f3 chomhaont\u00fa maidir le c\u00e9ard is iompra\u00edocht oiri\u00fanach ar an su\u00edomh, monat\u00f3ireacht rialta a dh\u00e9anamh ar a n-\u00fas\u00e1id, n\u00f3 gan iad a chead\u00fa an su\u00edomh a \u00fas\u00e1id ar chor ar bith.<\/p>\n<p>Ar a laghad ba ch\u00f3ir duit a aont\u00fa go mbeidh meas acu i gc\u00f3na\u00ed ar dhaoine eile agus gur ch\u00f3ir d\u00f3ibh \u00e9 a chur in i\u00fal duit m\u00e1 tharla\u00edonn aon rud a chuireann isteach orthu.<\/p>\n<p>Le go mbeidh rialacha agus teorainneacha \u00e9ifeachtach, b\u2019fhearr iad a fhorbairt i dteannta do ph\u00e1iste.<\/p>\n<p>D\u00e1 mbeadh an chaint seo agat le do ph\u00e1iste, d\u2019fh\u00e9adf\u00e1 cuid mh\u00f3r faisn\u00e9ise a fh\u00e1il i dtaobh na h\u00fas\u00e1ide a bhaineann do ph\u00e1iste as an Idirl\u00edon faoi l\u00e1thair agus aon imn\u00ed at\u00e1 orthu.<\/p>\n<p>D\u2019fh\u00e9adfadh an pl\u00e9 faoi na rialacha a shocr\u00fa a bheith chomh h\u00fas\u00e1ideach agus at\u00e1 an conradh f\u00e9in.<\/p>\n<p>M\u00e1 bh\u00edonn ionchur ag do ph\u00e1iste agus an comhaont\u00fa a fhorbairt maidir lena n-\u00fas\u00e1id de Ask.fm ansin is d\u00f3ich\u00ed go n-amharcfaidh siad ar rialacha agus ar smachtbhanna ar bhealach cothrom agus d\u00e1 bhr\u00ed sin is d\u00f3ich\u00ed go gclo\u00edfidh siad leo n\u00f3 iad a phl\u00e9 n\u00edos moille anonn m\u00e1 sh\u00edleann siad gur ch\u00f3ir iad a athr\u00fa.<\/p>\n<p>B\u2019fhi\u00fa freisin a bheith oscailte \u00f3n t\u00fas faoi smachtbhanna\u00ed a bheadh i gceist mura gclo\u00edf\u00ed leis an socr\u00fa.<\/p>\n<div class=\"callout_right\">B\u00edonn rialacha n\u00edos \u00e9ifeachta\u00ed nuair a shocra\u00edtear iad le ch\u00e9ile.<\/div>\n<p>Ceann de na c\u00faiseanna a luann p\u00e1ist\u00ed nach labhra\u00edonn siad le tuismitheoir\u00ed faoi ruda\u00ed a fheiceann siad ar an Idirl\u00edon n\u00e1 go bhfuil fait\u00edos orthu go gcuirfidh na tuismitheoir\u00ed cosc orthu an tIdirl\u00edon a \u00fas\u00e1id.<\/p>\n<p>Ba ch\u00f3ir smaoineamh faoi smachtbhanna eile a \u00fas\u00e1id, amhail dioscaireacht sa bhreis n\u00f3 pribhl\u00e9id\u00ed eile a bhaint.<\/p>\n<p>T\u00e1 s\u00e9 t\u00e1bhachtach go mbeadh s\u00e9 soil\u00e9ir do do ph\u00e1iste \u00f3n t\u00fas gur f\u00e9idir leis n\u00f3 l\u00e9i aon rud a fheiceann s\u00e9 n\u00f3 s\u00ed ar an Idirl\u00edon a phl\u00e9 leat. D\u00e9an cinnte go bhfuil na modhanna cumars\u00e1ide i gc\u00f3na\u00ed oscailte.<\/p>\n<p>Cuimhnigh m\u00e1 chuireann t\u00fa cosc glan amach ar shu\u00edomh, d\u2019fh\u00e9adfadh s\u00e9 tarl\u00fa go n-\u00fas\u00e1idfidh do ph\u00e1iste an su\u00edomh f\u00f3s gan \u00e9 a chur in i\u00fal duitse agus ansin nach mbeadh siad in ann caint leatsa d\u00e1 mbeadh fadhb acu.<\/p>\n<p>M\u00e1 t\u00e1 ceist agat maidir le haon ghn\u00e9 d\u2019oideachas do ph\u00e1iste, lena n-\u00e1ir\u00edtear bula\u00edocht, d\u00e9an teagmh\u00e1il le L\u00edne Chabhrach na Comhairle N\u00e1isi\u00fanta Tuismitheoir\u00ed &#8211; Bunbhrainse ar Uimh. Teil: 01-8874477 n\u00f3 seol r-phost chuig: helpline@npc.ie.<\/p>\n<p>T\u00e1 an L\u00edne Chabhrach ar oscailt \u00f3 Luan go C\u00e9adaoin \u00f3 10am go 5pm, agus ar an D\u00e9ardaoin agus an Aoine \u00f3 10am go 4pm.<\/p>\n<h3>Comhairle do Scoileanna maidir le Ask.fm<\/h3>\n<p>I dt\u00fas b\u00e1ire, ba ch\u00f3ir go mbeadh scoileanna ar an eolas go bhfuil cosc ar Ask.fm agus su\u00edomhanna eile cos\u00fail leis ar L\u00edonra Leathanbhanda na Scoileanna.<\/p>\n<p>Cinnte, n\u00ed chialla\u00edonn s\u00e9 seo nach f\u00e9idir rochtain a fh\u00e1il air sa scoil \u00f3 ghl\u00e9asanna pearsanta n\u00f3 nach mbeidh tionchar na bula\u00edochta a eascra\u00edonn as \u00fas\u00e1id an tsu\u00edmh sa bhaile f\u00f3s le feice\u00e1il.<\/p>\n<p>M\u00e1 fhaigheann t\u00fa amach go bhfuil an su\u00edomh \u00e1 \u00fas\u00e1id ag dalta\u00ed i do scoil, ba ch\u00f3ir an deis a thap\u00fa chun Polasa\u00ed \u00das\u00e1ide Inghlactha agus Polasa\u00ed na Bula\u00edochta sa scoil a mheabhr\u00fa d\u00f3ibh.<\/p>\n<div style=\"float: right; padding-left: 10px;\"><\/div>\n<p><a href=\"https:\/\/www.webwise.ie\/wp-content\/uploads\/2014\/06\/BeSafeBeWebwiseSide1.jpg\"><img loading=\"lazy\" decoding=\"async\" class=\"alignright size-full wp-image-1742\" src=\"https:\/\/www.webwise.ie\/wp-content\/uploads\/2014\/06\/BeSafeBeWebwiseSide1.jpg\" alt=\"BeSafeBeWebwiseSide\" width=\"250\" height=\"400\" srcset=\"https:\/\/www.webwise.ie\/wp-content\/uploads\/2014\/06\/BeSafeBeWebwiseSide1.jpg 250w, https:\/\/www.webwise.ie\/wp-content\/uploads\/2014\/06\/BeSafeBeWebwiseSide1-187x300.jpg 187w\" sizes=\"auto, (max-width: 250px) 100vw, 250px\" \/><\/a><\/p>\n<p>\u00c9ir\u00edonn s\u00e9 seo an-t\u00e1bhachtach m\u00e1 tharla\u00edonn tharla\u00edonn rud \u00e9igin agus m\u00e1 t\u00e1 gn\u00edomh smachtaithe i gceist.<\/p>\n<p>T\u00e1 n\u00edos m\u00f3 i gceist le polasaithe a chur i bhfeidhm n\u00e1 foirmeacha a l\u00edonadh agus a sh\u00edni\u00fa: t\u00e1 s\u00e9 r\u00edth\u00e1bhachtach go gcuirfidh t\u00fa na freagrachta\u00ed at\u00e1 ar na dalta\u00ed in i\u00fal d\u00f3ibh go minic.<\/p>\n<p>Deis at\u00e1 ann freisin atmaisf\u00e9ar dearfach na scoile a dh\u00edr\u00edonn ar mheas ar an duine a neart\u00fa.<\/p>\n<p>T\u00e1 s\u00e9 mar fhreagracht orainn mar oideoir\u00ed athr\u00fa meonta a chur chun cinn ionas go dtuigfidh na dalta\u00ed go bhfuil freagracht orthu maidir le s\u00e1bh\u00e1ilteacht agus leas na ndalta\u00ed eile.<\/p>\n<p>T\u00e1 Webwise, i gcomhar le Seirbh\u00eds Taca\u00edochta Oideachais Sh\u00f3isialta, Phearsanta agus Sl\u00e1inte (SPHE) tar \u00e9is cl\u00e1r foghlama agus teagaisc faoi Sh\u00e1bh\u00e1ilteacht Idirl\u00edn a chruth\u00fa &#8211;<a href=\"https:\/\/www.webwise.ie\/BeSafeBeWebwise.shtm\">\/\/:Be SAFE_Be WEBWISE:\/\/<\/a>-a chuideoidh leat an m\u00e9id sin a dh\u00e9anamh.<\/p>\n<p>Tugann an cl\u00e1r aghaidh ar riachtanais s\u00e1bh\u00e1ilteachta phearsanta \u00e1r ndaoine \u00f3ga nuair at\u00e1 siad ar l\u00edne agus is f\u00e9idir \u00fas\u00e1id a bhaint as chun curaclam SPHE na Sraithe S\u00f3iseara\u00ed a chur i ngn\u00edomh.<\/p>\n<p>B\u00edonn r\u00f3il agus freagrachta\u00ed nua ag daoine \u00f3ga agus iad ina nd\u00e9ag\u00f3ir\u00ed, d\u00e9anann siad idirbhearta\u00edocht ar a gcaidreamh le daoine f\u00e1sta, lena gcomhbh\u00e1d\u00f3ir\u00ed, agus leis an bpobal, agus tugann siad faoi ruda\u00ed nua a bhaineann le saol an duine fh\u00e1sta.<\/p>\n<p>Go minic tarla\u00edonn na heisp\u00e9iris sh\u00f3isialaithe seo in \u00e9ineacht le hiompra\u00edocht chun riosca a th\u00f3g\u00e1il a d\u2019fh\u00e9adfadh dochar a dh\u00e9anamh do shl\u00e1inte agus do sh\u00e1bh\u00e1ilteacht a ghlacadh.<\/p>\n<p>C\u00e9 gur uirlis dhearfach \u00e9 bheith i mbaol sl\u00e1inti\u00fail i saol d\u00e9ag\u00f3ra chun a bhf\u00e9ini\u00falacht a aimsi\u00fa, a fhorbairt agus a chomhdhl\u00fath\u00fa, t\u00e1 s\u00e9 d\u2019aidhm ag an gcl\u00e1r S\u00e1bh\u00e1ilteacht Idirl\u00edn de chuid SPHE daoine \u00f3ga a spreagadh chun machnamh a dh\u00e9anamh ar a ndearctha\u00ed agus ar a luachanna agus chun iompar oiri\u00fanach a \u00fas\u00e1id a chabhr\u00f3idh leo dul i ngleic le d\u00fashl\u00e1in an tsaoil maidir lena saol agus lena n-iompar ar l\u00edne.<\/p>\n<h3>Conas D\u00e9ile\u00e1il le N\u00f3ta\u00ed Tr\u00e1chta Bula\u00edochta ar Ask.fm<\/h3>\n<p>&nbsp;<\/p>\n<div style=\"width: 500px; height: 150px;\"><img decoding=\"async\" title=\"M\u00ednithe: Cad is Ask.fm ann?\" src=\"images\/ClinGarFinal.jpg\" alt=\"M\u00edni\u00fa ar AskFM\" align=\"left\" \/><\/div>\n<p>M\u00e1s m\u00fainteoir, tuismitheoir n\u00f3 duine a oibr\u00edonn go dl\u00fath le p\u00e1ist\u00ed th\u00fa, ba ch\u00f3ir an chomhairle ch\u00e9anna a thabhairt maidir le conas dul i ngleic leis an mbula\u00edocht.<\/p>\n<p>T\u00e1 an fheidhm ch\u00e9anna ag an mantra seo ina bhfuil ceithre ch\u00e9im maidir le Ask.fm is at\u00e1 aige maidir le c\u00e1sanna eile ar l\u00edne:<\/p>\n<p>M\u00e1 dh\u00e9anann duine teagmh\u00e1il leat ar bhealach m\u00edchu\u00ed n\u00f3 goilli\u00fanach, cuir <b>cosc<\/b> orthu, <b>coime\u00e1d an teachtaireacht<\/b> n\u00f3 an n\u00f3ta tr\u00e1chta mar fhianaise, agus tabhair <b>tuairisc<\/b> ina leith d\u2019\u00fain\u00e9ir an tsu\u00edmh. <b>N\u00e1 tabhair freagra<\/b> do theagmh\u00e1laithe at\u00e1 i mbun bula\u00edochta n\u00f3 ciaptha &#8211; n\u00ed dh\u00e9anann s\u00e9 seo ach n\u00edos m\u00f3 triobl\u00f3ide a chruth\u00fa. I gc\u00e1s teachtaireachta\u00ed bula\u00edochta, ba ch\u00f3ir duit labhairt le m\u00fainteoir a bhfuil muin\u00edn agat as n\u00f3 asti.<\/p>\n<p>I gc\u00e1s c\u00e1sanna n\u00edos tromch\u00fais\u00ed a d\u2019fh\u00e9adfadh a bheith m\u00eddhleathach &#8211; amhail d\u00e1 nd\u00e9anfa\u00ed c\u00farsa\u00ed gn\u00e9asacha m\u00edchu\u00ed a mholadh n\u00f3 d\u00e1 mbeadh duine ag tabhairt faoi \u2018mheallt\u00f3ireacht\u2019 de dhuine faoi 16 -is f\u00e9idir na c\u00e1sanna seo a thuairisci\u00fa do na Garda\u00ed n\u00f3 gan ainm do <a href=\"https:\/\/www.webwise.ie\/ReportingIllegalInternetMaterial.shtm\">www.hotline.ie<\/a> \u2013 caitear leis an uile thuairisc go d\u00e1ir\u00edre agus tugtar an t-eolas do na Garda\u00ed m\u00e1s cu\u00ed.<\/p>\n<p>M\u00e1s maith leat caint le duine \u00e9igin cuir glaoch ar Childline ag 1800 666 666.<\/p>\n","protected":false},"excerpt":{"rendered":"<p>Is su\u00edomh \u00e9 Ask.fm chun ceisteanna a ard\u00fa agus is ceann de na haipeanna ar l\u00edne is d\u00e9ana\u00ed \u00e9 a bhfuil t\u00f3ir ag teacht air i measc ph\u00e1ist\u00ed na h\u00c9ireann<\/p>\n","protected":false},"author":1,"featured_media":2068,"comment_status":"open","ping_status":"open","sticky":false,"template":"","format":"standard","meta":{"_acf_changed":false,"_uag_custom_page_level_css":"","footnotes":""},"categories":[85],"tags":[94,96],"class_list":["post-1747","post","type-post","status-publish","format-standard","has-post-thumbnail","hentry","category-tuismitheoiri-ga","tag-cibearbhulaiocht-ga","tag-lionru-soisialta"],"acf":[],"yoast_head":"<!-- This site is optimized with the Yoast SEO plugin v27.4 - https:\/\/yoast.com\/product\/yoast-seo-wordpress\/ -->\n<title>M\u00ednithe: Cad is Ask.fm ann? -<\/title>\n<meta name=\"robots\" content=\"index, follow, max-snippet:-1, max-image-preview:large, max-video-preview:-1\" \/>\n<link rel=\"canonical\" href=\"https:\/\/www.webwise.ie\/ga\/tuismitheoiri-ga\/minithe-cad-is-ask-fm-ann\/\" \/>\n<meta property=\"og:locale\" content=\"en_US\" \/>\n<meta property=\"og:type\" content=\"article\" \/>\n<meta property=\"og:title\" content=\"M\u00ednithe: Cad is Ask.fm ann? -\" \/>\n<meta property=\"og:description\" content=\"Is su\u00edomh \u00e9 Ask.fm chun ceisteanna a ard\u00fa agus is ceann de na haipeanna ar l\u00edne is d\u00e9ana\u00ed \u00e9 a bhfuil t\u00f3ir ag teacht air i measc ph\u00e1ist\u00ed na h\u00c9ireann\" \/>\n<meta property=\"og:url\" content=\"https:\/\/www.webwise.ie\/ga\/tuismitheoiri-ga\/minithe-cad-is-ask-fm-ann\/\" \/>\n<meta property=\"og:site_name\" content=\"Webwise.ie\" \/>\n<meta property=\"article:publisher\" content=\"https:\/\/www.facebook.com\/Webwise\/\" \/>\n<meta property=\"article:published_time\" content=\"2014-06-18T11:32:32+00:00\" \/>\n<meta property=\"article:modified_time\" content=\"2014-06-23T16:11:39+00:00\" \/>\n<meta property=\"og:image\" content=\"https:\/\/www.webwise.ie\/wp-content\/uploads\/1970\/01\/AskHomepage.jpg\" \/>\n\t<meta property=\"og:image:width\" content=\"620\" \/>\n\t<meta property=\"og:image:height\" content=\"300\" \/>\n\t<meta property=\"og:image:type\" content=\"image\/jpeg\" \/>\n<meta name=\"author\" content=\"webster\" \/>\n<meta name=\"twitter:label1\" content=\"Written by\" \/>\n\t<meta name=\"twitter:data1\" content=\"webster\" \/>\n\t<meta name=\"twitter:label2\" content=\"Est. reading time\" \/>\n\t<meta name=\"twitter:data2\" content=\"11 minutes\" \/>\n<script type=\"application\/ld+json\" class=\"yoast-schema-graph\">{\"@context\":\"https:\\\/\\\/schema.org\",\"@graph\":[{\"@type\":\"Article\",\"@id\":\"https:\\\/\\\/www.webwise.ie\\\/ga\\\/tuismitheoiri-ga\\\/minithe-cad-is-ask-fm-ann\\\/#article\",\"isPartOf\":{\"@id\":\"https:\\\/\\\/www.webwise.ie\\\/ga\\\/tuismitheoiri-ga\\\/minithe-cad-is-ask-fm-ann\\\/\"},\"author\":{\"name\":\"webster\",\"@id\":\"https:\\\/\\\/www.webwise.ie\\\/ga\\\/#\\\/schema\\\/person\\\/2afb842774ea4d4741598b06393c3dcb\"},\"headline\":\"M\u00ednithe: Cad is Ask.fm ann?\",\"datePublished\":\"2014-06-18T11:32:32+00:00\",\"dateModified\":\"2014-06-23T16:11:39+00:00\",\"mainEntityOfPage\":{\"@id\":\"https:\\\/\\\/www.webwise.ie\\\/ga\\\/tuismitheoiri-ga\\\/minithe-cad-is-ask-fm-ann\\\/\"},\"wordCount\":2196,\"commentCount\":0,\"image\":{\"@id\":\"https:\\\/\\\/www.webwise.ie\\\/ga\\\/tuismitheoiri-ga\\\/minithe-cad-is-ask-fm-ann\\\/#primaryimage\"},\"thumbnailUrl\":\"https:\\\/\\\/www.webwise.ie\\\/wp-content\\\/uploads\\\/1970\\\/01\\\/AskHomepage.jpg\",\"keywords\":[\"Cibearbhula\u00edocht\",\"L\u00edonr\u00fa S\u00f3isialta\"],\"articleSection\":[\"Tuismitheoir\u00ed\"],\"inLanguage\":\"en-GA\"},{\"@type\":\"WebPage\",\"@id\":\"https:\\\/\\\/www.webwise.ie\\\/ga\\\/tuismitheoiri-ga\\\/minithe-cad-is-ask-fm-ann\\\/\",\"url\":\"https:\\\/\\\/www.webwise.ie\\\/ga\\\/tuismitheoiri-ga\\\/minithe-cad-is-ask-fm-ann\\\/\",\"name\":\"M\u00ednithe: Cad is Ask.fm ann? -\",\"isPartOf\":{\"@id\":\"https:\\\/\\\/www.webwise.ie\\\/ga\\\/#website\"},\"primaryImageOfPage\":{\"@id\":\"https:\\\/\\\/www.webwise.ie\\\/ga\\\/tuismitheoiri-ga\\\/minithe-cad-is-ask-fm-ann\\\/#primaryimage\"},\"image\":{\"@id\":\"https:\\\/\\\/www.webwise.ie\\\/ga\\\/tuismitheoiri-ga\\\/minithe-cad-is-ask-fm-ann\\\/#primaryimage\"},\"thumbnailUrl\":\"https:\\\/\\\/www.webwise.ie\\\/wp-content\\\/uploads\\\/1970\\\/01\\\/AskHomepage.jpg\",\"datePublished\":\"2014-06-18T11:32:32+00:00\",\"dateModified\":\"2014-06-23T16:11:39+00:00\",\"author\":{\"@id\":\"https:\\\/\\\/www.webwise.ie\\\/ga\\\/#\\\/schema\\\/person\\\/2afb842774ea4d4741598b06393c3dcb\"},\"breadcrumb\":{\"@id\":\"https:\\\/\\\/www.webwise.ie\\\/ga\\\/tuismitheoiri-ga\\\/minithe-cad-is-ask-fm-ann\\\/#breadcrumb\"},\"inLanguage\":\"en-GA\",\"potentialAction\":[{\"@type\":\"ReadAction\",\"target\":[\"https:\\\/\\\/www.webwise.ie\\\/ga\\\/tuismitheoiri-ga\\\/minithe-cad-is-ask-fm-ann\\\/\"]}]},{\"@type\":\"ImageObject\",\"inLanguage\":\"en-GA\",\"@id\":\"https:\\\/\\\/www.webwise.ie\\\/ga\\\/tuismitheoiri-ga\\\/minithe-cad-is-ask-fm-ann\\\/#primaryimage\",\"url\":\"https:\\\/\\\/www.webwise.ie\\\/wp-content\\\/uploads\\\/1970\\\/01\\\/AskHomepage.jpg\",\"contentUrl\":\"https:\\\/\\\/www.webwise.ie\\\/wp-content\\\/uploads\\\/1970\\\/01\\\/AskHomepage.jpg\",\"width\":620,\"height\":300},{\"@type\":\"BreadcrumbList\",\"@id\":\"https:\\\/\\\/www.webwise.ie\\\/ga\\\/tuismitheoiri-ga\\\/minithe-cad-is-ask-fm-ann\\\/#breadcrumb\",\"itemListElement\":[{\"@type\":\"ListItem\",\"position\":1,\"name\":\"Home\",\"item\":\"https:\\\/\\\/www.webwise.ie\\\/ga\\\/\"},{\"@type\":\"ListItem\",\"position\":2,\"name\":\"M\u00ednithe: Cad is Ask.fm ann?\"}]},{\"@type\":\"WebSite\",\"@id\":\"https:\\\/\\\/www.webwise.ie\\\/ga\\\/#website\",\"url\":\"https:\\\/\\\/www.webwise.ie\\\/ga\\\/\",\"name\":\"Webwise\",\"description\":\"The Irish Internet Safety Awareness Centre\",\"potentialAction\":[{\"@type\":\"SearchAction\",\"target\":{\"@type\":\"EntryPoint\",\"urlTemplate\":\"https:\\\/\\\/www.webwise.ie\\\/ga\\\/?s={search_term_string}\"},\"query-input\":{\"@type\":\"PropertyValueSpecification\",\"valueRequired\":true,\"valueName\":\"search_term_string\"}}],\"inLanguage\":\"en-GA\"},{\"@type\":\"Person\",\"@id\":\"https:\\\/\\\/www.webwise.ie\\\/ga\\\/#\\\/schema\\\/person\\\/2afb842774ea4d4741598b06393c3dcb\",\"name\":\"webster\",\"image\":{\"@type\":\"ImageObject\",\"inLanguage\":\"en-GA\",\"@id\":\"https:\\\/\\\/secure.gravatar.com\\\/avatar\\\/1525bd7c9d6faf308852e5c15c3489ad545ba735a01f2cab5ea11d28d2fc4c78?s=96&d=mm&r=g\",\"url\":\"https:\\\/\\\/secure.gravatar.com\\\/avatar\\\/1525bd7c9d6faf308852e5c15c3489ad545ba735a01f2cab5ea11d28d2fc4c78?s=96&d=mm&r=g\",\"contentUrl\":\"https:\\\/\\\/secure.gravatar.com\\\/avatar\\\/1525bd7c9d6faf308852e5c15c3489ad545ba735a01f2cab5ea11d28d2fc4c78?s=96&d=mm&r=g\",\"caption\":\"webster\"},\"url\":\"https:\\\/\\\/www.webwise.ie\\\/ga\\\/author\\\/webster\\\/\"}]}<\/script>\n<!-- \/ Yoast SEO plugin. -->","yoast_head_json":{"title":"M\u00ednithe: Cad is Ask.fm ann? -","robots":{"index":"index","follow":"follow","max-snippet":"max-snippet:-1","max-image-preview":"max-image-preview:large","max-video-preview":"max-video-preview:-1"},"canonical":"https:\/\/www.webwise.ie\/ga\/tuismitheoiri-ga\/minithe-cad-is-ask-fm-ann\/","og_locale":"en_US","og_type":"article","og_title":"M\u00ednithe: Cad is Ask.fm ann? -","og_description":"Is su\u00edomh \u00e9 Ask.fm chun ceisteanna a ard\u00fa agus is ceann de na haipeanna ar l\u00edne is d\u00e9ana\u00ed \u00e9 a bhfuil t\u00f3ir ag teacht air i measc ph\u00e1ist\u00ed na h\u00c9ireann","og_url":"https:\/\/www.webwise.ie\/ga\/tuismitheoiri-ga\/minithe-cad-is-ask-fm-ann\/","og_site_name":"Webwise.ie","article_publisher":"https:\/\/www.facebook.com\/Webwise\/","article_published_time":"2014-06-18T11:32:32+00:00","article_modified_time":"2014-06-23T16:11:39+00:00","og_image":[{"width":620,"height":300,"url":"https:\/\/www.webwise.ie\/wp-content\/uploads\/1970\/01\/AskHomepage.jpg","type":"image\/jpeg"}],"author":"webster","twitter_misc":{"Written by":"webster","Est. reading time":"11 minutes"},"schema":{"@context":"https:\/\/schema.org","@graph":[{"@type":"Article","@id":"https:\/\/www.webwise.ie\/ga\/tuismitheoiri-ga\/minithe-cad-is-ask-fm-ann\/#article","isPartOf":{"@id":"https:\/\/www.webwise.ie\/ga\/tuismitheoiri-ga\/minithe-cad-is-ask-fm-ann\/"},"author":{"name":"webster","@id":"https:\/\/www.webwise.ie\/ga\/#\/schema\/person\/2afb842774ea4d4741598b06393c3dcb"},"headline":"M\u00ednithe: Cad is Ask.fm ann?","datePublished":"2014-06-18T11:32:32+00:00","dateModified":"2014-06-23T16:11:39+00:00","mainEntityOfPage":{"@id":"https:\/\/www.webwise.ie\/ga\/tuismitheoiri-ga\/minithe-cad-is-ask-fm-ann\/"},"wordCount":2196,"commentCount":0,"image":{"@id":"https:\/\/www.webwise.ie\/ga\/tuismitheoiri-ga\/minithe-cad-is-ask-fm-ann\/#primaryimage"},"thumbnailUrl":"https:\/\/www.webwise.ie\/wp-content\/uploads\/1970\/01\/AskHomepage.jpg","keywords":["Cibearbhula\u00edocht","L\u00edonr\u00fa S\u00f3isialta"],"articleSection":["Tuismitheoir\u00ed"],"inLanguage":"en-GA"},{"@type":"WebPage","@id":"https:\/\/www.webwise.ie\/ga\/tuismitheoiri-ga\/minithe-cad-is-ask-fm-ann\/","url":"https:\/\/www.webwise.ie\/ga\/tuismitheoiri-ga\/minithe-cad-is-ask-fm-ann\/","name":"M\u00ednithe: Cad is Ask.fm ann? -","isPartOf":{"@id":"https:\/\/www.webwise.ie\/ga\/#website"},"primaryImageOfPage":{"@id":"https:\/\/www.webwise.ie\/ga\/tuismitheoiri-ga\/minithe-cad-is-ask-fm-ann\/#primaryimage"},"image":{"@id":"https:\/\/www.webwise.ie\/ga\/tuismitheoiri-ga\/minithe-cad-is-ask-fm-ann\/#primaryimage"},"thumbnailUrl":"https:\/\/www.webwise.ie\/wp-content\/uploads\/1970\/01\/AskHomepage.jpg","datePublished":"2014-06-18T11:32:32+00:00","dateModified":"2014-06-23T16:11:39+00:00","author":{"@id":"https:\/\/www.webwise.ie\/ga\/#\/schema\/person\/2afb842774ea4d4741598b06393c3dcb"},"breadcrumb":{"@id":"https:\/\/www.webwise.ie\/ga\/tuismitheoiri-ga\/minithe-cad-is-ask-fm-ann\/#breadcrumb"},"inLanguage":"en-GA","potentialAction":[{"@type":"ReadAction","target":["https:\/\/www.webwise.ie\/ga\/tuismitheoiri-ga\/minithe-cad-is-ask-fm-ann\/"]}]},{"@type":"ImageObject","inLanguage":"en-GA","@id":"https:\/\/www.webwise.ie\/ga\/tuismitheoiri-ga\/minithe-cad-is-ask-fm-ann\/#primaryimage","url":"https:\/\/www.webwise.ie\/wp-content\/uploads\/1970\/01\/AskHomepage.jpg","contentUrl":"https:\/\/www.webwise.ie\/wp-content\/uploads\/1970\/01\/AskHomepage.jpg","width":620,"height":300},{"@type":"BreadcrumbList","@id":"https:\/\/www.webwise.ie\/ga\/tuismitheoiri-ga\/minithe-cad-is-ask-fm-ann\/#breadcrumb","itemListElement":[{"@type":"ListItem","position":1,"name":"Home","item":"https:\/\/www.webwise.ie\/ga\/"},{"@type":"ListItem","position":2,"name":"M\u00ednithe: Cad is Ask.fm ann?"}]},{"@type":"WebSite","@id":"https:\/\/www.webwise.ie\/ga\/#website","url":"https:\/\/www.webwise.ie\/ga\/","name":"Webwise","description":"The Irish Internet Safety Awareness Centre","potentialAction":[{"@type":"SearchAction","target":{"@type":"EntryPoint","urlTemplate":"https:\/\/www.webwise.ie\/ga\/?s={search_term_string}"},"query-input":{"@type":"PropertyValueSpecification","valueRequired":true,"valueName":"search_term_string"}}],"inLanguage":"en-GA"},{"@type":"Person","@id":"https:\/\/www.webwise.ie\/ga\/#\/schema\/person\/2afb842774ea4d4741598b06393c3dcb","name":"webster","image":{"@type":"ImageObject","inLanguage":"en-GA","@id":"https:\/\/secure.gravatar.com\/avatar\/1525bd7c9d6faf308852e5c15c3489ad545ba735a01f2cab5ea11d28d2fc4c78?s=96&d=mm&r=g","url":"https:\/\/secure.gravatar.com\/avatar\/1525bd7c9d6faf308852e5c15c3489ad545ba735a01f2cab5ea11d28d2fc4c78?s=96&d=mm&r=g","contentUrl":"https:\/\/secure.gravatar.com\/avatar\/1525bd7c9d6faf308852e5c15c3489ad545ba735a01f2cab5ea11d28d2fc4c78?s=96&d=mm&r=g","caption":"webster"},"url":"https:\/\/www.webwise.ie\/ga\/author\/webster\/"}]}},"spectra_custom_meta":{"_edit_lock":["1403539925:1"],"_edit_last":["1"],"teacher_feature":["No"],"_teacher_feature":["field_537cabfb09d96"],"parent_feature":["No"],"_parent_feature":["field_537cadafcb7d8"],"_wpml_media_duplicate":["1"],"_wpml_media_featured":["1"],"_thumbnail_id":["2068"],"_alp_processed":["1587731381"],"_uag_page_assets":["a:9:{s:3:\"css\";s:0:\"\";s:2:\"js\";s:0:\"\";s:18:\"current_block_list\";a:1:{i:0;s:12:\"core\/heading\";}s:8:\"uag_flag\";b:0;s:11:\"uag_version\";s:10:\"1777466676\";s:6:\"gfonts\";a:0:{}s:10:\"gfonts_url\";s:0:\"\";s:12:\"gfonts_files\";a:0:{}s:14:\"uag_faq_layout\";b:0;}"]},"uagb_featured_image_src":{"full":["https:\/\/www.webwise.ie\/wp-content\/uploads\/1970\/01\/AskHomepage.jpg",620,300,false],"thumbnail":["https:\/\/www.webwise.ie\/wp-content\/uploads\/1970\/01\/AskHomepage-190x130.jpg",190,130,true],"medium":["https:\/\/www.webwise.ie\/wp-content\/uploads\/1970\/01\/AskHomepage-300x145.jpg",300,145,true],"medium_large":["https:\/\/www.webwise.ie\/wp-content\/uploads\/1970\/01\/AskHomepage.jpg",620,300,false],"large":["https:\/\/www.webwise.ie\/wp-content\/uploads\/1970\/01\/AskHomepage.jpg",620,300,false],"listing-thumbnail":["https:\/\/www.webwise.ie\/wp-content\/uploads\/1970\/01\/AskHomepage.jpg",620,300,false],"listing-location-thumbnail":["https:\/\/www.webwise.ie\/wp-content\/uploads\/1970\/01\/AskHomepage.jpg",150,73,false],"1536x1536":["https:\/\/www.webwise.ie\/wp-content\/uploads\/1970\/01\/AskHomepage.jpg",620,300,false],"2048x2048":["https:\/\/www.webwise.ie\/wp-content\/uploads\/1970\/01\/AskHomepage.jpg",620,300,false],"gform-image-choice-sm":["https:\/\/www.webwise.ie\/wp-content\/uploads\/1970\/01\/AskHomepage.jpg",300,145,false],"gform-image-choice-md":["https:\/\/www.webwise.ie\/wp-content\/uploads\/1970\/01\/AskHomepage.jpg",400,194,false],"gform-image-choice-lg":["https:\/\/www.webwise.ie\/wp-content\/uploads\/1970\/01\/AskHomepage.jpg",600,290,false]},"uagb_author_info":{"display_name":"webster","author_link":"https:\/\/www.webwise.ie\/ga\/author\/webster\/"},"uagb_comment_info":0,"uagb_excerpt":"Is su\u00edomh \u00e9 Ask.fm chun ceisteanna a ard\u00fa agus is ceann de na haipeanna ar l\u00edne is d\u00e9ana\u00ed \u00e9 a bhfuil t\u00f3ir ag teacht air i measc ph\u00e1ist\u00ed na h\u00c9ireann","_links":{"self":[{"href":"https:\/\/www.webwise.ie\/ga\/wp-json\/wp\/v2\/posts\/1747","targetHints":{"allow":["GET"]}}],"collection":[{"href":"https:\/\/www.webwise.ie\/ga\/wp-json\/wp\/v2\/posts"}],"about":[{"href":"https:\/\/www.webwise.ie\/ga\/wp-json\/wp\/v2\/types\/post"}],"author":[{"embeddable":true,"href":"https:\/\/www.webwise.ie\/ga\/wp-json\/wp\/v2\/users\/1"}],"replies":[{"embeddable":true,"href":"https:\/\/www.webwise.ie\/ga\/wp-json\/wp\/v2\/comments?post=1747"}],"version-history":[{"count":0,"href":"https:\/\/www.webwise.ie\/ga\/wp-json\/wp\/v2\/posts\/1747\/revisions"}],"wp:featuredmedia":[{"embeddable":true,"href":"https:\/\/www.webwise.ie\/ga\/wp-json\/wp\/v2\/media\/2068"}],"wp:attachment":[{"href":"https:\/\/www.webwise.ie\/ga\/wp-json\/wp\/v2\/media?parent=1747"}],"wp:term":[{"taxonomy":"category","embeddable":true,"href":"https:\/\/www.webwise.ie\/ga\/wp-json\/wp\/v2\/categories?post=1747"},{"taxonomy":"post_tag","embeddable":true,"href":"https:\/\/www.webwise.ie\/ga\/wp-json\/wp\/v2\/tags?post=1747"}],"curies":[{"name":"wp","href":"https:\/\/api.w.org\/{rel}","templated":true}]}}