{"id":31232,"date":"2020-04-24T12:29:25","date_gmt":"2020-04-24T12:29:25","guid":{"rendered":"https:\/\/www.webwise.ie\/minithe-cad-is-zoom-ann\/"},"modified":"2020-08-12T13:09:12","modified_gmt":"2020-08-12T13:09:12","slug":"minithe-cad-is-zoom-ann","status":"publish","type":"post","link":"https:\/\/www.webwise.ie\/ga\/tuismitheoiri-ga\/faigh-eolas\/minithe-cad-is-zoom-ann\/","title":{"rendered":"M\u00ednithe: Cad is Zoom ann?"},"content":{"rendered":"<div class=\"wpb-content-wrapper\"><p>[vc_row row_type=&#8221;row&#8221; use_row_as_full_screen_section=&#8221;no&#8221; type=&#8221;full_width&#8221; text_align=&#8221;left&#8221; background_animation=&#8221;none&#8221; css_animation=&#8221;&#8221;][vc_column][vc_single_image image=&#8221;31056&#8243; img_size=&#8221;full&#8221; alignment=&#8221;center&#8221; qode_css_animation=&#8221;&#8221;][vc_empty_space][vc_column_text]<\/p>\n<p><span style=\"font-weight: 400;\">Is ard\u00e1n f\u00edschomhdh\u00e1la \u00e9 Zoom is f\u00e9idir a \u00fas\u00e1id ar r\u00edomhaire n\u00f3 tr\u00ed aip mh\u00f3ib\u00edleach, agus ligeann s\u00e9 d\u2019\u00fas\u00e1ideoir\u00ed nascadh le ch\u00e9ile ar l\u00edne le haghaidh cruinnithe f\u00edschomhdh\u00e1la, seimine\u00e1ir ghr\u00e9as\u00e1in agus le comhr\u00e1 beo a dh\u00e9anamh.<\/span><\/p>\n<p>&nbsp;<\/p>\n<p><span style=\"font-weight: 400;\">Th\u00e1inig borradh ollmh\u00f3r ar l\u00edon na ndaoine a \u00fas\u00e1ideann Zoom mar thoradh ar gh\u00e9arch\u00e9im Covid19, agus t\u00e1 na milli\u00fain daoine \u00e1 \u00fas\u00e1id le coinne\u00e1il i dteagmh\u00e1il le daoine eile.\u00a0<\/span><\/p>\n<p>&nbsp;<\/p>\n<p><span style=\"font-weight: 400;\">Is f\u00e9idir an aip a \u00edosl\u00f3d\u00e1il saor in aisce agus f\u00e9adfaidh \u00fas\u00e1ideoir\u00ed Zoom cl\u00e1r\u00fa don tseirbh\u00eds saor in aisce, n\u00f3 ceann de na pleananna \u00edoctha a roghn\u00fa. Ligtear d\u2019\u00fas\u00e1ideoir\u00ed l\u00edon neamhtheoranta cruinnithe a re\u00e1cht\u00e1il le suas le 100 rannph\u00e1irt\u00ed leis an tseirbh\u00eds saor in aisce, ach is \u00e9 40 n\u00f3im\u00e9ad an teorainn ama at\u00e1 ar na cruinnithe gr\u00fapa\u00ed. F\u00e9adfaidh scoileanna a \u00fas\u00e1ideann an aip iarratas a dh\u00e9anamh chun an teorainn sin a bhaint saor in aisce anseo: <a href=\"https:\/\/zoom.us\/docs\/ent\/school-verification.html?zcid=1231&amp;_ga=2.23371006.551525991.1583696790-827731685.1566335579\" target=\"_blank\" rel=\"noopener noreferrer\">zoom.us\/docs\/ent\/school-verification<\/a><\/span>[\/vc_column_text][\/vc_column][\/vc_row][vc_row row_type=&#8221;row&#8221; use_row_as_full_screen_section=&#8221;no&#8221; type=&#8221;full_width&#8221; text_align=&#8221;left&#8221; background_animation=&#8221;none&#8221; css_animation=&#8221;&#8221; css=&#8221;.vc_custom_1586444841988{padding-top: 30px !important;}&#8221;][vc_column][vc_custom_heading text=&#8221;C\u00e9n chaoi a n-oibr\u00edonn s\u00e9?&#8221; use_theme_fonts=&#8221;yes&#8221; el_class=&#8221;h2-br&#8221;][vc_column_text]<span style=\"font-weight: 400;\">Ligeann Zoom d\u2019\u00fas\u00e1ideoir\u00ed seomra\u00ed cruinnithe f\u00edor\u00fala a chruth\u00fa agus a p\u00e1irt a ghlacadh iontu, \u00e1it ar f\u00e9idir leo cumars\u00e1id a dh\u00e9anamh lena ch\u00e9ile ag \u00fas\u00e1id f\u00edse\u00e1in agus fuaime. F\u00e9adfaidh rannph\u00e1irtithe a sc\u00e1ile\u00e1in agus comhaid a roinnt lena ch\u00e9ile, agus t\u00e9acschomhr\u00e1 a dh\u00e9anamh laistigh de ghr\u00fapa an chruinnithe n\u00f3 go pr\u00edobh\u00e1ideach le daoine eile a ghlacann p\u00e1irt sa chruinni\u00fa nuair a chuirtear gn\u00e9ithe breise i bhfeidhm.<\/span>[\/vc_column_text][vc_row_inner row_type=&#8221;row&#8221; type=&#8221;full_width&#8221; use_row_as_full_screen_section_slide=&#8221;no&#8221; text_align=&#8221;left&#8221; css_animation=&#8221;&#8221; css=&#8221;.vc_custom_1586445108605{padding-top: 20px !important;}&#8221;][vc_column_inner width=&#8221;2\/5&#8243; css=&#8221;.vc_custom_1586445181617{padding-top: 5px !important;}&#8221;][vc_column_text]<span style=\"font-weight: 400;\">N\u00ed m\u00f3r go mbeadh an aip le haghaidh Zoom ag rannph\u00e1irt\u00ed, mar aon le nasc don chruinni\u00fa, n\u00f3\u00a0<\/span><span style=\"font-weight: 400;\">Aitheantas Cruinnithe agus pasfhocal, chun p\u00e1irt a ghlacadh i gcruinni\u00fa Zoom.\u00a0 <\/span><span style=\"font-weight: 400;\">C\u00e9 nach dteasta\u00edonn cuntas\u00a0 Zoom le p\u00e1irt a ghlacadh i gcruinni\u00fa, <\/span><b>n\u00ed m\u00f3r d\u2019\u00fas\u00e1ideoir\u00ed cuntas a chl\u00e1r\u00fa chun cruinni\u00fa a \u00f3st\u00e1il.<\/b>[\/vc_column_text][\/vc_column_inner][vc_column_inner width=&#8221;3\/5&#8243;][vc_single_image image=&#8221;31070&#8243; img_size=&#8221;large&#8221; alignment=&#8221;center&#8221; qode_css_animation=&#8221;&#8221;][\/vc_column_inner][\/vc_row_inner][\/vc_column][\/vc_row][vc_row row_type=&#8221;row&#8221; use_row_as_full_screen_section=&#8221;no&#8221; type=&#8221;full_width&#8221; text_align=&#8221;left&#8221; background_animation=&#8221;none&#8221; css_animation=&#8221;&#8221; css=&#8221;.vc_custom_1586445617015{padding-top: 30px !important;}&#8221;][vc_column][vc_column_text]<b>Cruinni\u00fa a shocr\u00fa &#8211; <\/b><span style=\"font-weight: 400;\">Is f\u00e9idir le h\u00f3stach cruinni\u00fa a shocr\u00fa l\u00e1ithreach bonn n\u00f3 cruinni\u00fa a sceideal\u00fa le haghaidh am \u00e1irithe. <\/span><\/p>\n<p><span style=\"font-weight: 400;\">Crutha\u00edtear Aitheantas Cruinnithe agus pasfhocal leis seo, mar aon le URL don chruinni\u00fa a bh\u00edonn le roinnt leis na rannph\u00e1irtithe a ghlacfaidh p\u00e1irt sa chruinni\u00fa. <\/span><\/p>\n<p><img loading=\"lazy\" decoding=\"async\" class=\"aligncenter wp-image-31074 size-large\" src=\"https:\/\/www.webwise.ie\/wp-content\/uploads\/2020\/04\/Zoom_homescreen-1024x466.jpg\" alt=\"\" width=\"1024\" height=\"466\" srcset=\"https:\/\/www.webwise.ie\/wp-content\/uploads\/2020\/04\/Zoom_homescreen-1024x466.jpg 1024w, https:\/\/www.webwise.ie\/wp-content\/uploads\/2020\/04\/Zoom_homescreen-300x137.jpg 300w, https:\/\/www.webwise.ie\/wp-content\/uploads\/2020\/04\/Zoom_homescreen-768x349.jpg 768w, https:\/\/www.webwise.ie\/wp-content\/uploads\/2020\/04\/Zoom_homescreen-800x364.jpg 800w, https:\/\/www.webwise.ie\/wp-content\/uploads\/2020\/04\/Zoom_homescreen-700x319.jpg 700w, https:\/\/www.webwise.ie\/wp-content\/uploads\/2020\/04\/Zoom_homescreen-1100x501.jpg 1100w, https:\/\/www.webwise.ie\/wp-content\/uploads\/2020\/04\/Zoom_homescreen.jpg 1123w\" sizes=\"auto, (max-width: 1024px) 100vw, 1024px\" \/><\/p>\n<p>&nbsp;<\/p>\n<p><span style=\"font-weight: 400;\">Chuir Zoom athr\u00fa i bhfeidhm le d\u00e9ana\u00ed agus anois r\u00e9amhshocra\u00edtear go gcaithfear pasfhocail a \u00fas\u00e1id. Cialla\u00edonn s\u00e9 sin go mbeidh ar \u00fas\u00e1ideoir\u00ed an pasfhocal a chur isteach m\u00e1 chuireann siad na sonra\u00ed isteach de l\u00e1imh chun p\u00e1irt a ghlacadh i gcruinni\u00fa. Mar sin f\u00e9in, n\u00ed theasta\u00edonn an pasfhocal seo \u00f3 rannph\u00e1irtithe a chlice\u00e1lann ar URL an chruinnithe chun p\u00e1irt a ghlacadh ann.<\/span><\/p>\n<p><span style=\"font-weight: 400;\">Is f\u00e9idir le h\u00f3staigh socruithe eile a bhainisti\u00fa laistigh d\u00e1 gcuntais f\u00e9in agus cead a thabhairt i gcomhair gn\u00e9ithe \u00e9ags\u00fala, cuir i gc\u00e1s m\u00e1s f\u00e9idir le daoine a sc\u00e1ile\u00e1in a roinnt, n\u00f3 m\u00e1 t\u00e1 siad in ann comhr\u00e1 pr\u00edobh\u00e1ideach a dh\u00e9anamh le daoine eile sa chruinni\u00fa<\/span><\/p>\n<p>&nbsp;<\/p>\n<p><b>F\u00eds agus fuaim &#8211; <\/b><span style=\"font-weight: 400;\">Tugtar rogha d\u2019\u00fas\u00e1ideoir\u00ed nuair a th\u00e9ann siad isteach i gcruinni\u00fa Zoom a bhf\u00edscheamara a chumas\u00fa n\u00f3 a dh\u00edchumas\u00fa, agus beidh t\u00fa in ann na rannph\u00e1irtithe eile a fheice\u00e1il m\u00e1 chuireann siad a gceamara\u00ed ar si\u00fal. T\u00e1 rial\u00fach\u00e1in bhreise ag \u00f3stach an chruinnithe chun sruth\u00fa f\u00edse n\u00f3 fuaim daoine a ghlacann p\u00e1irt sa chruinni\u00fa a dh\u00edchumas\u00fa.\u00a0<\/span><\/p>\n<p>&nbsp;<\/p>\n<p><b>Roinn Sc\u00e1ile\u00e1n &#8211; <\/b><span style=\"font-weight: 400;\">Ligtear do dhaoine an t-\u00e1bhar ar a sc\u00e1ile\u00e1n f\u00e9in a roinnt le rannph\u00e1irtithe eile an chruinnithe leis an ngn\u00e9 \u2018Share Screen\u2019. F\u00e9adfaidh \u00fas\u00e1ideoir\u00ed \u00e9 seo dh\u00e9anamh ach clice\u00e1il ar an deilbh\u00edn le haghaidh \u2018Share Screen\u2019 ar an bpain\u00e9al rial\u00fach\u00e1in. T\u00e1 \u00f3stach an chruinnithe in ann an ghn\u00e9 seo a rial\u00fa, agus cead a thabhairt do gach uile \u00fas\u00e1ideoir n\u00f3 d\u2019\u00fas\u00e1ideoir\u00ed sonraithe \u00ed a \u00fas\u00e1id, n\u00f3 \u00ed a theorann\u00fa don \u2018\u00f3stach amh\u00e1in\u2019.\u00a0<\/span><\/p>\n<p><img loading=\"lazy\" decoding=\"async\" class=\"aligncenter wp-image-31079 size-full\" src=\"https:\/\/www.webwise.ie\/wp-content\/uploads\/2020\/04\/IMG004.jpg\" alt=\"\" width=\"736\" height=\"516\" srcset=\"https:\/\/www.webwise.ie\/wp-content\/uploads\/2020\/04\/IMG004.jpg 736w, https:\/\/www.webwise.ie\/wp-content\/uploads\/2020\/04\/IMG004-300x210.jpg 300w, https:\/\/www.webwise.ie\/wp-content\/uploads\/2020\/04\/IMG004-700x491.jpg 700w\" sizes=\"auto, (max-width: 736px) 100vw, 736px\" \/><\/p>\n<p>&nbsp;<\/p>\n<p><b>An ghn\u00e9 chun comhr\u00e1 a dh\u00e9anamh &#8211; <\/b><span style=\"font-weight: 400;\">F\u00e9adfaidh \u00fas\u00e1ideoir\u00ed idirghn\u00edomh\u00fa le t\u00e9acsanna i rith an chruinnithe leis an ngn\u00e9 le haghaidh comhr\u00e1 gr\u00fapa, agus f\u00e9adfaidh rannph\u00e1irtithe comhr\u00e1 pr\u00edobh\u00e1ideach a dh\u00e9anamh le daoine eile sa ghr\u00fapa freisin. T\u00e1 \u00f3staigh cruinnithe in ann an socr\u00fa seo a leas\u00fa chun na daoine ar f\u00e9idir le rannph\u00e1irtithe comhr\u00e1 a dh\u00e9anamh leo a theorann\u00fa.<\/span><\/p>\n<p><img loading=\"lazy\" decoding=\"async\" class=\"alignnone wp-image-31090 size-full\" src=\"https:\/\/www.webwise.ie\/wp-content\/uploads\/2020\/04\/IMG008-1.jpg\" alt=\"\" width=\"613\" height=\"194\" srcset=\"https:\/\/www.webwise.ie\/wp-content\/uploads\/2020\/04\/IMG008-1.jpg 613w, https:\/\/www.webwise.ie\/wp-content\/uploads\/2020\/04\/IMG008-1-300x95.jpg 300w\" sizes=\"auto, (max-width: 613px) 100vw, 613px\" \/>[\/vc_column_text][\/vc_column][\/vc_row][vc_row row_type=&#8221;row&#8221; use_row_as_full_screen_section=&#8221;no&#8221; type=&#8221;full_width&#8221; text_align=&#8221;left&#8221; background_animation=&#8221;none&#8221; css_animation=&#8221;&#8221; css=&#8221;.vc_custom_1586446039805{padding-top: 30px !important;}&#8221;][vc_column][vc_custom_heading text=&#8221;C\u00e9n f\u00e1th a bhfuil t\u00f3ir air?&#8221; use_theme_fonts=&#8221;yes&#8221; el_class=&#8221;h2-br&#8221;][vc_column_text css=&#8221;.vc_custom_1586448119657{padding-top: 5px !important;}&#8221;]<span style=\"font-weight: 400;\">Is \u00e9 an rud at\u00e1 thar a bheith tarraingteach faoi Zoom go gcuireann s\u00e9 ar chumas l\u00edon m\u00f3r rannph\u00e1irtithe teacht le ch\u00e9ile in aon chruinni\u00fa amh\u00e1in, fi\u00fa sa leagan saor in aisce den tseirbh\u00eds. N\u00ed g\u00e1 go mbeadh cuntas Zoom ach ag an \u00f3stach amh\u00e1in, agus t\u00e1thar in ann an fhaisn\u00e9is rochtana a roinnt go h\u00e9asca le daoine ar mian leo p\u00e1irt a ghlacadh sa chruinni\u00fa. <\/span>[\/vc_column_text][\/vc_column][\/vc_row][vc_row row_type=&#8221;row&#8221; use_row_as_full_screen_section=&#8221;no&#8221; type=&#8221;full_width&#8221; text_align=&#8221;left&#8221; background_animation=&#8221;none&#8221; css_animation=&#8221;&#8221; css=&#8221;.vc_custom_1586446039805{padding-top: 30px !important;}&#8221;][vc_column][vc_custom_heading text=&#8221;C\u00e9ard \u00e9 an ceanglas aoise?&#8221; use_theme_fonts=&#8221;yes&#8221; el_class=&#8221;h2-br&#8221;][vc_column_text css=&#8221;.vc_custom_1586449142319{padding-top: 5px !important;}&#8221;]<span style=\"font-weight: 400;\">Ma\u00edtear i mBeartas Pr\u00edobh\u00e1ideachais Zoom <em>nach dtugann Zoom cead go feasach do leana\u00ed faoi bhun 16 bliana d\u2019aois cl\u00e1r\u00fa d\u00e1 gcuntais f\u00e9in<\/em>, agus iarrtar ar \u00fas\u00e1ideoir\u00ed cuntais a nd\u00e1ta breithe a thabhairt nuair a chrutha\u00edonn siad an cuntas, ach n\u00ed \u00fas\u00e1idtear aon chine\u00e1l deimhnithe aoise eile.<\/span><\/p>\n<p><span style=\"font-weight: 400;\">Mar sin f\u00e9in, n\u00edl ar \u00fas\u00e1ideoir\u00ed cuntas Zoom a bhun\u00fa le p\u00e1irt a ghlacadh i gcruinni\u00fa Zoom.<\/span><\/p>\n<p><strong>Meabhr\u00fach\u00e1n: Is \u00e9 16 bliana an Aois Toilithe Dhigitigh in \u00c9irinn. Cialla\u00edonn s\u00e9 sin go bhfuil ar shol\u00e1thr\u00f3ir\u00ed seirbh\u00edse ar l\u00edne cead tuismitheora a fh\u00e1il chun sonra\u00ed leana\u00ed faoi bhun 16 bliana d\u2019aois a phr\u00f3ise\u00e1il.<\/strong>[\/vc_column_text][\/vc_column][\/vc_row][vc_row row_type=&#8221;row&#8221; use_row_as_full_screen_section=&#8221;no&#8221; type=&#8221;full_width&#8221; text_align=&#8221;left&#8221; background_animation=&#8221;none&#8221; css_animation=&#8221;&#8221; css=&#8221;.vc_custom_1586446039805{padding-top: 30px !important;}&#8221;][vc_column][vc_custom_heading text=&#8221;Pr\u00edobh\u00e1ideachas agus c\u00farsa\u00ed sl\u00e1nd\u00e1la&#8221; use_theme_fonts=&#8221;yes&#8221; el_class=&#8221;h2-br&#8221;][vc_column_text css=&#8221;.vc_custom_1586449203827{padding-top: 5px !important;}&#8221;]<span style=\"font-weight: 400;\">Mar at\u00e1 amhlaidh le haon aip n\u00f3 ard\u00e1n, t\u00e1 s\u00e9 t\u00e1bhachtach go dtuigtear conas a oibr\u00edonn s\u00e9, agus na riosca\u00ed f\u00e9ideartha bhaineann leis. Th\u00e1inig imn\u00ed faoi ch\u00farsa\u00ed pr\u00edobh\u00e1ideachais agus sl\u00e1nd\u00e1la na seirbh\u00edse chun solais le deireana\u00ed, lena n-\u00e1ir\u00edtear \u2018Buam\u00e1il ar Zoom\u2019, mar a n-\u00e9ir\u00edonn le strains\u00e9ir\u00ed p\u00e1irt a ghlacadh i gcruinni\u00fa le cur isteach air. Is minic a tharla\u00edonn Buam\u00e1il ar Zoom mar gheall gur roinneadh nasc cruinnithe ar fh\u00f3ram poibl\u00ed, \u00e1it inar f\u00e9idir le gach duine \u00e9 a fheice\u00e1il go h\u00e9asca.\u00a0<\/span><\/p>\n<p><span style=\"font-weight: 400;\">D\u2019fhonn na riosca\u00ed sin a mhaol\u00fa, caith c\u00fapla n\u00f3im\u00e9ad ag dul i dtaith\u00ed ar na rial\u00fach\u00e1in phr\u00edobh\u00e1ideachais agus mhodhn\u00f3ireachta ar f\u00e9idir le h\u00f3stach a \u00fas\u00e1id sa chruinni\u00fa.\u00a0<\/span><\/p>\n<p><b>Tabhair faoi deara: T\u00e1 Zoom ag cur nuashonruithe rialta amach chun dul i ngleic leis na fadhbanna seo ar an ard\u00e1n agus m\u00e1 \u00fas\u00e1ideann t\u00fa an tseirbh\u00eds cuimhnigh go bhf\u00e9adfa\u00ed leasuithe a chur i bhfeidhm ar shocruithe sl\u00e1nd\u00e1la, agus ar ch\u00farsa\u00ed pr\u00edobh\u00e1ideachais le himeacht ama.<\/b><\/p>\n<p>&nbsp;<\/p>\n<ul>\n<li><span style=\"font-weight: 400;\">\u00a0<strong>Pr\u00edobh\u00e1ideachas sa chruinni\u00fa<\/strong><\/span><\/li>\n<\/ul>\n<p><span style=\"font-weight: 400;\">T\u00e1 s\u00e9 t\u00e1bhachtach a chinnti\u00fa nach roinntear faisn\u00e9is phearsanta in \u00e1it phoibl\u00ed, agus b\u00ed meabhrach faoi na daoine a gheobhaidh sonra\u00ed an chruinnithe, agus faoin mbealach a roinntear an fhaisn\u00e9is sin. Is r\u00e9amhshocr\u00fa \u00e9 anois go dteasta\u00edonn pasfhocal chun p\u00e1irt a ghlacadh i gcruinni\u00fa Zoom. Cialla\u00edonn s\u00e9 sin go gcaithfidh na daoine ar mian leo freastal ar an gcruinni\u00fa Aitheantas Cruinnithe agus pasfhocal a chur isteach ar dt\u00fas. Mar sin f\u00e9in, is f\u00e9idir le rannph\u00e1irtithe URL an chruinnithe a \u00fas\u00e1id chun p\u00e1irt a ghlacadh i gcruinni\u00fa gan pasfhocal a thabhairt.\u00a0<\/span><\/p>\n<p>&nbsp;<\/p>\n<ul>\n<li style=\"font-weight: 400;\"><strong>Seomra\u00ed feithimh<\/strong><\/li>\n<\/ul>\n<p><span style=\"font-weight: 400;\">\u00a0\u00a0\u00a0Is limist\u00e9ar coinne\u00e1la f\u00edor\u00fail \u00e9 an \u2018Waiting Room\u2019 a chuireann cosc ar rannph\u00e1irtithe p\u00e1irt a ghlacadh i gcruinni\u00fa go dt\u00ed go nglacann t\u00fa leo agus go dtugann t\u00fa cead isteach d\u00f3ibh. Cuirtear an ghn\u00e9 seo i bhfeidhm mar r\u00e9amhshocr\u00fa ar chruinnithe Zoom.<\/span><\/p>\n<p><span style=\"font-weight: 400;\"><img loading=\"lazy\" decoding=\"async\" class=\"aligncenter wp-image-31082 size-full\" src=\"https:\/\/www.webwise.ie\/wp-content\/uploads\/2020\/04\/Waiting-Room.jpg\" alt=\"\" width=\"624\" height=\"256\" srcset=\"https:\/\/www.webwise.ie\/wp-content\/uploads\/2020\/04\/Waiting-Room.jpg 624w, https:\/\/www.webwise.ie\/wp-content\/uploads\/2020\/04\/Waiting-Room-300x123.jpg 300w\" sizes=\"auto, (max-width: 624px) 100vw, 624px\" \/><\/span><span style=\"font-weight: 400;\">\u00a0\u00a0<\/span><\/p>\n<p>&nbsp;<\/p>\n<ul>\n<li><span style=\"font-weight: 400;\"><strong>Cruinni\u00fa a chur faoi ghlas\u00a0<\/strong><\/span><\/li>\n<\/ul>\n<p><span style=\"font-weight: 400;\">\u00a0\u00a0\u00a0Cuirtear cosc ar rannph\u00e1irtithe nua p\u00e1irt a ghlacadh i gcruinni\u00fa a tosa\u00edodh cheanna f\u00e9in nuair a chuirtear an cruinni\u00fa faoi ghlas \u2013 n\u00ed bheidh siad in ann p\u00e1irt a ghlacadh ann fi\u00fa m\u00e1 t\u00e1 Aitheantas an Chruinnithe agus pasfhocal acu.<\/span><\/p>\n<p>&nbsp;<\/p>\n<ul>\n<li style=\"font-weight: 400;\"><strong>Rial\u00fach\u00e1in chun an Sc\u00e1ile\u00e1n a Roinnt<\/strong><\/li>\n<\/ul>\n<p><span style=\"font-weight: 400;\">\u00a0\u00a0\u00a0F\u00e9adfaidh \u00f3staigh cosc a chur ar rannph\u00e1irtithe smacht randamach a ghabh\u00e1il ar an sc\u00e1ile\u00e1n ag teorann\u00fa ceadanna ar an bpain\u00e9al rial\u00fach\u00e1in. F\u00e9adfar \u00e9 seo a leas\u00fa roimh an gcruinni\u00fa agus lena linn.\u00a0<\/span><\/p>\n<p>&nbsp;<\/p>\n<ul>\n<li><span style=\"font-weight: 400;\">\u00a0<strong>Modhn\u00f3ireacht agus rannph\u00e1irtithe a bhainisti\u00fa<\/strong><\/span><\/li>\n<\/ul>\n<p><span style=\"font-weight: 400;\">\u00a0\u00a0\u00a0Cuireann Zoom roinnt uirlis\u00ed modhn\u00f3ireachta ar f\u00e1il, lena n-\u00e1ir\u00edtear na h\u00f3staigh a chumas\u00fa le f\u00eds-sruth\u00fa rannph\u00e1irtithe a dh\u00edchumas\u00fa, rannph\u00e1irtithe a bhalbh\u00fa, aistri\u00fa comhad a mh\u00fachadh agus comhr\u00e1 gr\u00fapa n\u00f3 pr\u00edobh\u00e1ideach a dh\u00edchumas\u00fa<\/span>[\/vc_column_text][\/vc_column][\/vc_row][vc_row row_type=&#8221;row&#8221; use_row_as_full_screen_section=&#8221;no&#8221; type=&#8221;full_width&#8221; text_align=&#8221;left&#8221; background_animation=&#8221;none&#8221; css_animation=&#8221;&#8221; css=&#8221;.vc_custom_1586446706634{padding-top: 30px !important;}&#8221;][vc_column][vc_custom_heading text=&#8221;Comhairle do Thuismitheoir\u00ed&#8221; use_theme_fonts=&#8221;yes&#8221; el_class=&#8221;h2-br&#8221;][vc_column_text]<\/p>\n<ul>\n<li><span style=\"font-weight: 400;\">T\u00e9igh i dtaith\u00ed ar shocruithe na haipe agus breathnaigh ar na gn\u00e9ithe sl\u00e1nd\u00e1la le do leanbh: <a href=\"https:\/\/support.zoom.us\/hc\/en-us\/sections\/201740116-Settings-Controls\" target=\"_blank\" rel=\"noopener noreferrer\">support.zoom.us\/Settings-Controls<\/a><\/span><\/li>\n<li><span style=\"font-weight: 400;\">Bain leas as socruithe sl\u00e1nd\u00e1la sl\u00e1na, cuir i gcuimhne do do leanbh naisc chruinnithe a roinnt le cairde amh\u00e1in agus iad a roinnt in \u00e1it sh\u00e1bh\u00e1ilte, n\u00ed ar na me\u00e1in sh\u00f3isialta. <\/span><strong>Leid \u00e1isi\u00fail &#8211; \u00fas\u00e1id pasfhocal nua le haghaidh gach uile chruinnithe ar Zoom<\/strong><\/li>\n<li>Cuir i gcuimhne do do leanbh gur f\u00e9idir taifead a dh\u00e9anamh ar chruinnithe, is maith an smaoineamh labhairt le do leanbh faoi na cine\u00e1lacha ruda\u00ed is f\u00e9idir a roinnt ar l\u00edne agus an cine\u00e1l faisn\u00e9ise n\u00e1r cheart d\u00f3ibh a roinnt ar l\u00edne.<\/li>\n<li>T\u00e1 s\u00e9 t\u00e1bhachtach go dtuigeann do leanbh gur f\u00e9idir leo labhairt leat m\u00e1 fheiceann siad rud ar bith at\u00e1 m\u00edchu\u00ed n\u00f3 a chuireann isteach orthu ar l\u00edne.<\/li>\n<\/ul>\n<p><b>Chun tuilleadh eolais agus comhairle a fh\u00e1il ar fh\u00eds-sruth\u00fa agus beoshruth\u00fa a \u00fas\u00e1id f\u00e9ach ar: <\/b><a href=\"http:\/\/webwise.ie\/parents\/explained-live-streaming\/\"><b>https:\/\/www.webwise.ie\/ga\/tuismitheoiri-ga\/beoshruthu-comhairle-agus-leideanna\/<\/b><\/a>[\/vc_column_text][\/vc_column][\/vc_row]<\/p>\n<\/div>","protected":false},"excerpt":{"rendered":"<p>[vc_row row_type=&#8221;row&#8221; use_row_as_full_screen_section=&#8221;no&#8221; type=&#8221;full_width&#8221; text_align=&#8221;left&#8221; background_animation=&#8221;none&#8221; css_animation=&#8221;&#8221;][vc_column][vc_single_image image=&#8221;31056&#8243; img_size=&#8221;full&#8221; alignment=&#8221;center&#8221; qode_css_animation=&#8221;&#8221;][vc_empty_space][vc_column_text] Is ard\u00e1n f\u00edschomhdh\u00e1la \u00e9 Zoom is f\u00e9idir a \u00fas\u00e1id [&hellip;]<\/p>\n","protected":false},"author":365,"featured_media":31088,"comment_status":"closed","ping_status":"closed","sticky":false,"template":"","format":"standard","meta":{"_acf_changed":false,"_uag_custom_page_level_css":"","footnotes":""},"categories":[379,78,400,85],"tags":[1019,1016,1017,1018],"class_list":["post-31232","post","type-post","status-publish","format-standard","has-post-thumbnail","hentry","category-faigh-eolas","category-nuacht-ga","category-trend","category-tuismitheoiri-ga","tag-aipeanna-minithe","tag-minitheoir","tag-treoir-do-thuismitheoiri","tag-zoom-ga"],"acf":[],"yoast_head":"<!-- This site is optimized with the Yoast SEO plugin v27.1.1 - https:\/\/yoast.com\/product\/yoast-seo-wordpress\/ -->\n<title>M\u00ednithe: Cad is Zoom ann? -<\/title>\n<meta name=\"robots\" content=\"index, follow, max-snippet:-1, max-image-preview:large, max-video-preview:-1\" \/>\n<link rel=\"canonical\" href=\"https:\/\/www.webwise.ie\/ga\/tuismitheoiri-ga\/faigh-eolas\/minithe-cad-is-zoom-ann\/\" \/>\n<meta property=\"og:locale\" content=\"en_US\" \/>\n<meta property=\"og:type\" content=\"article\" \/>\n<meta property=\"og:title\" content=\"M\u00ednithe: Cad is Zoom ann? -\" \/>\n<meta property=\"og:description\" content=\"[vc_row row_type=&#8221;row&#8221; use_row_as_full_screen_section=&#8221;no&#8221; type=&#8221;full_width&#8221; text_align=&#8221;left&#8221; background_animation=&#8221;none&#8221; css_animation=&#8221;&#8221;][vc_column][vc_single_image image=&#8221;31056&#8243; img_size=&#8221;full&#8221; alignment=&#8221;center&#8221; qode_css_animation=&#8221;&#8221;][vc_empty_space][vc_column_text] Is ard\u00e1n f\u00edschomhdh\u00e1la \u00e9 Zoom is f\u00e9idir a \u00fas\u00e1id [&hellip;]\" \/>\n<meta property=\"og:url\" content=\"https:\/\/www.webwise.ie\/ga\/tuismitheoiri-ga\/faigh-eolas\/minithe-cad-is-zoom-ann\/\" \/>\n<meta property=\"og:site_name\" content=\"Webwise.ie\" \/>\n<meta property=\"article:publisher\" content=\"https:\/\/www.facebook.com\/Webwise\/\" \/>\n<meta property=\"article:published_time\" content=\"2020-04-24T12:29:25+00:00\" \/>\n<meta property=\"article:modified_time\" content=\"2020-08-12T13:09:12+00:00\" \/>\n<meta property=\"og:image\" content=\"https:\/\/www.webwise.ie\/wp-content\/uploads\/2020\/04\/IMG0019.jpg\" \/>\n\t<meta property=\"og:image:width\" content=\"512\" \/>\n\t<meta property=\"og:image:height\" content=\"512\" \/>\n\t<meta property=\"og:image:type\" content=\"image\/jpeg\" \/>\n<meta name=\"author\" content=\"catriona2\" \/>\n<meta name=\"twitter:label1\" content=\"Written by\" \/>\n\t<meta name=\"twitter:data1\" content=\"catriona2\" \/>\n\t<meta name=\"twitter:label2\" content=\"Est. reading time\" \/>\n\t<meta name=\"twitter:data2\" content=\"11 minutes\" \/>\n<script type=\"application\/ld+json\" class=\"yoast-schema-graph\">{\"@context\":\"https:\/\/schema.org\",\"@graph\":[{\"@type\":\"Article\",\"@id\":\"https:\/\/www.webwise.ie\/ga\/tuismitheoiri-ga\/faigh-eolas\/minithe-cad-is-zoom-ann\/#article\",\"isPartOf\":{\"@id\":\"https:\/\/www.webwise.ie\/ga\/tuismitheoiri-ga\/faigh-eolas\/minithe-cad-is-zoom-ann\/\"},\"author\":{\"name\":\"catriona2\",\"@id\":\"https:\/\/www.webwise.ie\/ga\/#\/schema\/person\/2aebf6c758ede44564a52c2108c29bc8\"},\"headline\":\"M\u00ednithe: Cad is Zoom ann?\",\"datePublished\":\"2020-04-24T12:29:25+00:00\",\"dateModified\":\"2020-08-12T13:09:12+00:00\",\"mainEntityOfPage\":{\"@id\":\"https:\/\/www.webwise.ie\/ga\/tuismitheoiri-ga\/faigh-eolas\/minithe-cad-is-zoom-ann\/\"},\"wordCount\":2147,\"image\":{\"@id\":\"https:\/\/www.webwise.ie\/ga\/tuismitheoiri-ga\/faigh-eolas\/minithe-cad-is-zoom-ann\/#primaryimage\"},\"thumbnailUrl\":\"https:\/\/www.webwise.ie\/wp-content\/uploads\/2020\/04\/IMG0019.jpg\",\"keywords\":[\"aipeanna: m\u00ednithe\",\"M\u00ednitheoir\",\"treoir do thuismitheoir\u00ed\",\"zoom\"],\"articleSection\":[\"Faigh eolas\",\"Nuacht\",\"Treocht\",\"Tuismitheoir\u00ed\"],\"inLanguage\":\"en-GA\"},{\"@type\":\"WebPage\",\"@id\":\"https:\/\/www.webwise.ie\/ga\/tuismitheoiri-ga\/faigh-eolas\/minithe-cad-is-zoom-ann\/\",\"url\":\"https:\/\/www.webwise.ie\/ga\/tuismitheoiri-ga\/faigh-eolas\/minithe-cad-is-zoom-ann\/\",\"name\":\"M\u00ednithe: Cad is Zoom ann? -\",\"isPartOf\":{\"@id\":\"https:\/\/www.webwise.ie\/ga\/#website\"},\"primaryImageOfPage\":{\"@id\":\"https:\/\/www.webwise.ie\/ga\/tuismitheoiri-ga\/faigh-eolas\/minithe-cad-is-zoom-ann\/#primaryimage\"},\"image\":{\"@id\":\"https:\/\/www.webwise.ie\/ga\/tuismitheoiri-ga\/faigh-eolas\/minithe-cad-is-zoom-ann\/#primaryimage\"},\"thumbnailUrl\":\"https:\/\/www.webwise.ie\/wp-content\/uploads\/2020\/04\/IMG0019.jpg\",\"datePublished\":\"2020-04-24T12:29:25+00:00\",\"dateModified\":\"2020-08-12T13:09:12+00:00\",\"author\":{\"@id\":\"https:\/\/www.webwise.ie\/ga\/#\/schema\/person\/2aebf6c758ede44564a52c2108c29bc8\"},\"breadcrumb\":{\"@id\":\"https:\/\/www.webwise.ie\/ga\/tuismitheoiri-ga\/faigh-eolas\/minithe-cad-is-zoom-ann\/#breadcrumb\"},\"inLanguage\":\"en-GA\",\"potentialAction\":[{\"@type\":\"ReadAction\",\"target\":[\"https:\/\/www.webwise.ie\/ga\/tuismitheoiri-ga\/faigh-eolas\/minithe-cad-is-zoom-ann\/\"]}]},{\"@type\":\"ImageObject\",\"inLanguage\":\"en-GA\",\"@id\":\"https:\/\/www.webwise.ie\/ga\/tuismitheoiri-ga\/faigh-eolas\/minithe-cad-is-zoom-ann\/#primaryimage\",\"url\":\"https:\/\/www.webwise.ie\/wp-content\/uploads\/2020\/04\/IMG0019.jpg\",\"contentUrl\":\"https:\/\/www.webwise.ie\/wp-content\/uploads\/2020\/04\/IMG0019.jpg\",\"width\":512,\"height\":512},{\"@type\":\"BreadcrumbList\",\"@id\":\"https:\/\/www.webwise.ie\/ga\/tuismitheoiri-ga\/faigh-eolas\/minithe-cad-is-zoom-ann\/#breadcrumb\",\"itemListElement\":[{\"@type\":\"ListItem\",\"position\":1,\"name\":\"Home\",\"item\":\"https:\/\/www.webwise.ie\/ga\/\"},{\"@type\":\"ListItem\",\"position\":2,\"name\":\"M\u00ednithe: Cad is Zoom ann?\"}]},{\"@type\":\"WebSite\",\"@id\":\"https:\/\/www.webwise.ie\/ga\/#website\",\"url\":\"https:\/\/www.webwise.ie\/ga\/\",\"name\":\"Webwise\",\"description\":\"The Irish Internet Safety Awareness Centre\",\"potentialAction\":[{\"@type\":\"SearchAction\",\"target\":{\"@type\":\"EntryPoint\",\"urlTemplate\":\"https:\/\/www.webwise.ie\/ga\/?s={search_term_string}\"},\"query-input\":{\"@type\":\"PropertyValueSpecification\",\"valueRequired\":true,\"valueName\":\"search_term_string\"}}],\"inLanguage\":\"en-GA\"},{\"@type\":\"Person\",\"@id\":\"https:\/\/www.webwise.ie\/ga\/#\/schema\/person\/2aebf6c758ede44564a52c2108c29bc8\",\"name\":\"catriona2\",\"image\":{\"@type\":\"ImageObject\",\"inLanguage\":\"en-GA\",\"@id\":\"https:\/\/www.webwise.ie\/ga\/#\/schema\/person\/image\/\",\"url\":\"https:\/\/secure.gravatar.com\/avatar\/a96c2a42718343462c502cf0c0d73c75dca9b8ff8b21b5f6fc54ebf0b06c40a2?s=96&d=mm&r=g\",\"contentUrl\":\"https:\/\/secure.gravatar.com\/avatar\/a96c2a42718343462c502cf0c0d73c75dca9b8ff8b21b5f6fc54ebf0b06c40a2?s=96&d=mm&r=g\",\"caption\":\"catriona2\"},\"url\":\"https:\/\/www.webwise.ie\/ga\/author\/catriona2\/\"}]}<\/script>\n<!-- \/ Yoast SEO plugin. -->","yoast_head_json":{"title":"M\u00ednithe: Cad is Zoom ann? -","robots":{"index":"index","follow":"follow","max-snippet":"max-snippet:-1","max-image-preview":"max-image-preview:large","max-video-preview":"max-video-preview:-1"},"canonical":"https:\/\/www.webwise.ie\/ga\/tuismitheoiri-ga\/faigh-eolas\/minithe-cad-is-zoom-ann\/","og_locale":"en_US","og_type":"article","og_title":"M\u00ednithe: Cad is Zoom ann? -","og_description":"[vc_row row_type=&#8221;row&#8221; use_row_as_full_screen_section=&#8221;no&#8221; type=&#8221;full_width&#8221; text_align=&#8221;left&#8221; background_animation=&#8221;none&#8221; css_animation=&#8221;&#8221;][vc_column][vc_single_image image=&#8221;31056&#8243; img_size=&#8221;full&#8221; alignment=&#8221;center&#8221; qode_css_animation=&#8221;&#8221;][vc_empty_space][vc_column_text] Is ard\u00e1n f\u00edschomhdh\u00e1la \u00e9 Zoom is f\u00e9idir a \u00fas\u00e1id [&hellip;]","og_url":"https:\/\/www.webwise.ie\/ga\/tuismitheoiri-ga\/faigh-eolas\/minithe-cad-is-zoom-ann\/","og_site_name":"Webwise.ie","article_publisher":"https:\/\/www.facebook.com\/Webwise\/","article_published_time":"2020-04-24T12:29:25+00:00","article_modified_time":"2020-08-12T13:09:12+00:00","og_image":[{"width":512,"height":512,"url":"https:\/\/www.webwise.ie\/wp-content\/uploads\/2020\/04\/IMG0019.jpg","type":"image\/jpeg"}],"author":"catriona2","twitter_misc":{"Written by":"catriona2","Est. reading time":"11 minutes"},"schema":{"@context":"https:\/\/schema.org","@graph":[{"@type":"Article","@id":"https:\/\/www.webwise.ie\/ga\/tuismitheoiri-ga\/faigh-eolas\/minithe-cad-is-zoom-ann\/#article","isPartOf":{"@id":"https:\/\/www.webwise.ie\/ga\/tuismitheoiri-ga\/faigh-eolas\/minithe-cad-is-zoom-ann\/"},"author":{"name":"catriona2","@id":"https:\/\/www.webwise.ie\/ga\/#\/schema\/person\/2aebf6c758ede44564a52c2108c29bc8"},"headline":"M\u00ednithe: Cad is Zoom ann?","datePublished":"2020-04-24T12:29:25+00:00","dateModified":"2020-08-12T13:09:12+00:00","mainEntityOfPage":{"@id":"https:\/\/www.webwise.ie\/ga\/tuismitheoiri-ga\/faigh-eolas\/minithe-cad-is-zoom-ann\/"},"wordCount":2147,"image":{"@id":"https:\/\/www.webwise.ie\/ga\/tuismitheoiri-ga\/faigh-eolas\/minithe-cad-is-zoom-ann\/#primaryimage"},"thumbnailUrl":"https:\/\/www.webwise.ie\/wp-content\/uploads\/2020\/04\/IMG0019.jpg","keywords":["aipeanna: m\u00ednithe","M\u00ednitheoir","treoir do thuismitheoir\u00ed","zoom"],"articleSection":["Faigh eolas","Nuacht","Treocht","Tuismitheoir\u00ed"],"inLanguage":"en-GA"},{"@type":"WebPage","@id":"https:\/\/www.webwise.ie\/ga\/tuismitheoiri-ga\/faigh-eolas\/minithe-cad-is-zoom-ann\/","url":"https:\/\/www.webwise.ie\/ga\/tuismitheoiri-ga\/faigh-eolas\/minithe-cad-is-zoom-ann\/","name":"M\u00ednithe: Cad is Zoom ann? -","isPartOf":{"@id":"https:\/\/www.webwise.ie\/ga\/#website"},"primaryImageOfPage":{"@id":"https:\/\/www.webwise.ie\/ga\/tuismitheoiri-ga\/faigh-eolas\/minithe-cad-is-zoom-ann\/#primaryimage"},"image":{"@id":"https:\/\/www.webwise.ie\/ga\/tuismitheoiri-ga\/faigh-eolas\/minithe-cad-is-zoom-ann\/#primaryimage"},"thumbnailUrl":"https:\/\/www.webwise.ie\/wp-content\/uploads\/2020\/04\/IMG0019.jpg","datePublished":"2020-04-24T12:29:25+00:00","dateModified":"2020-08-12T13:09:12+00:00","author":{"@id":"https:\/\/www.webwise.ie\/ga\/#\/schema\/person\/2aebf6c758ede44564a52c2108c29bc8"},"breadcrumb":{"@id":"https:\/\/www.webwise.ie\/ga\/tuismitheoiri-ga\/faigh-eolas\/minithe-cad-is-zoom-ann\/#breadcrumb"},"inLanguage":"en-GA","potentialAction":[{"@type":"ReadAction","target":["https:\/\/www.webwise.ie\/ga\/tuismitheoiri-ga\/faigh-eolas\/minithe-cad-is-zoom-ann\/"]}]},{"@type":"ImageObject","inLanguage":"en-GA","@id":"https:\/\/www.webwise.ie\/ga\/tuismitheoiri-ga\/faigh-eolas\/minithe-cad-is-zoom-ann\/#primaryimage","url":"https:\/\/www.webwise.ie\/wp-content\/uploads\/2020\/04\/IMG0019.jpg","contentUrl":"https:\/\/www.webwise.ie\/wp-content\/uploads\/2020\/04\/IMG0019.jpg","width":512,"height":512},{"@type":"BreadcrumbList","@id":"https:\/\/www.webwise.ie\/ga\/tuismitheoiri-ga\/faigh-eolas\/minithe-cad-is-zoom-ann\/#breadcrumb","itemListElement":[{"@type":"ListItem","position":1,"name":"Home","item":"https:\/\/www.webwise.ie\/ga\/"},{"@type":"ListItem","position":2,"name":"M\u00ednithe: Cad is Zoom ann?"}]},{"@type":"WebSite","@id":"https:\/\/www.webwise.ie\/ga\/#website","url":"https:\/\/www.webwise.ie\/ga\/","name":"Webwise","description":"The Irish Internet Safety Awareness Centre","potentialAction":[{"@type":"SearchAction","target":{"@type":"EntryPoint","urlTemplate":"https:\/\/www.webwise.ie\/ga\/?s={search_term_string}"},"query-input":{"@type":"PropertyValueSpecification","valueRequired":true,"valueName":"search_term_string"}}],"inLanguage":"en-GA"},{"@type":"Person","@id":"https:\/\/www.webwise.ie\/ga\/#\/schema\/person\/2aebf6c758ede44564a52c2108c29bc8","name":"catriona2","image":{"@type":"ImageObject","inLanguage":"en-GA","@id":"https:\/\/www.webwise.ie\/ga\/#\/schema\/person\/image\/","url":"https:\/\/secure.gravatar.com\/avatar\/a96c2a42718343462c502cf0c0d73c75dca9b8ff8b21b5f6fc54ebf0b06c40a2?s=96&d=mm&r=g","contentUrl":"https:\/\/secure.gravatar.com\/avatar\/a96c2a42718343462c502cf0c0d73c75dca9b8ff8b21b5f6fc54ebf0b06c40a2?s=96&d=mm&r=g","caption":"catriona2"},"url":"https:\/\/www.webwise.ie\/ga\/author\/catriona2\/"}]}},"spectra_custom_meta":{"_encloseme":["1"],"_wpml_word_count":["{\"total\":0,\"to_translate\":{\"en\":10,\"ga\":10}}"],"_wpml_media_duplicate":["1"],"_wpml_media_featured":["1"],"_top_nav_excluded":[""],"_cms_nav_minihome":[""],"_thumbnail_id":["31088"],"_wpb_shortcodes_custom_css":[".vc_custom_1586444841988{padding-top: 30px !important;}.vc_custom_1586445617015{padding-top: 30px !important;}.vc_custom_1586446039805{padding-top: 30px !important;}.vc_custom_1586446039805{padding-top: 30px !important;}.vc_custom_1586446039805{padding-top: 30px !important;}.vc_custom_1586446706634{padding-top: 30px !important;}.vc_custom_1586445108605{padding-top: 20px !important;}.vc_custom_1586445181617{padding-top: 5px !important;}.vc_custom_1586448119657{padding-top: 5px !important;}.vc_custom_1586449142319{padding-top: 5px !important;}.vc_custom_1586449203827{padding-top: 5px !important;}"],"_last_translation_edit_mode":["native-editor"],"_edit_lock":["1597238794:10"],"_edit_last":["10"],"video_format_choose":["youtube"],"_wpb_vc_js_status":["false"],"_yoast_wpseo_content_score":["30"],"qode_animate-page-title":["no"],"qode_show-page-title-text":["no"],"qode_show-page-title-image":["no"],"qode_show-sidebar":["default"],"qode_hide-featured-image":["no"],"short_title":["M\u00ednithe: Cad is Zoom ann?"],"_short_title":["field_588b54d9edbd0"],"_yoast_wpseo_primary_category":["40"],"_wpb_shortcodes_custom_css_updated":["1"],"_wpb_shortcodes_default_css":[".vc_do_custom_heading{margin-bottom:0.625rem;margin-top:0;}"],"_wpb_shortcodes_default_css_updated":["1"]},"uagb_featured_image_src":{"full":["https:\/\/www.webwise.ie\/wp-content\/uploads\/2020\/04\/IMG0019.jpg",512,512,false],"thumbnail":["https:\/\/www.webwise.ie\/wp-content\/uploads\/2020\/04\/IMG0019-190x190.jpg",190,190,true],"medium":["https:\/\/www.webwise.ie\/wp-content\/uploads\/2020\/04\/IMG0019-300x300.jpg",300,300,true],"medium_large":["https:\/\/www.webwise.ie\/wp-content\/uploads\/2020\/04\/IMG0019.jpg",512,512,false],"large":["https:\/\/www.webwise.ie\/wp-content\/uploads\/2020\/04\/IMG0019.jpg",512,512,false],"listing-thumbnail":["https:\/\/www.webwise.ie\/wp-content\/uploads\/2020\/04\/IMG0019.jpg",512,512,false],"listing-location-thumbnail":["https:\/\/www.webwise.ie\/wp-content\/uploads\/2020\/04\/IMG0019.jpg",150,150,false],"1536x1536":["https:\/\/www.webwise.ie\/wp-content\/uploads\/2020\/04\/IMG0019.jpg",512,512,false],"2048x2048":["https:\/\/www.webwise.ie\/wp-content\/uploads\/2020\/04\/IMG0019.jpg",512,512,false],"gform-image-choice-sm":["https:\/\/www.webwise.ie\/wp-content\/uploads\/2020\/04\/IMG0019.jpg",300,300,false],"gform-image-choice-md":["https:\/\/www.webwise.ie\/wp-content\/uploads\/2020\/04\/IMG0019.jpg",400,400,false],"gform-image-choice-lg":["https:\/\/www.webwise.ie\/wp-content\/uploads\/2020\/04\/IMG0019.jpg",512,512,false]},"uagb_author_info":{"display_name":"catriona2","author_link":"https:\/\/www.webwise.ie\/ga\/author\/catriona2\/"},"uagb_comment_info":0,"uagb_excerpt":"[vc_row row_type=&#8221;row&#8221; use_row_as_full_screen_section=&#8221;no&#8221; type=&#8221;full_width&#8221; text_align=&#8221;left&#8221; background_animation=&#8221;none&#8221; css_animation=&#8221;&#8221;][vc_column][vc_single_image image=&#8221;31056&#8243; img_size=&#8221;full&#8221; alignment=&#8221;center&#8221; qode_css_animation=&#8221;&#8221;][vc_empty_space][vc_column_text] Is ard\u00e1n f\u00edschomhdh\u00e1la \u00e9 Zoom is f\u00e9idir a \u00fas\u00e1id [&hellip;]","_links":{"self":[{"href":"https:\/\/www.webwise.ie\/ga\/wp-json\/wp\/v2\/posts\/31232","targetHints":{"allow":["GET"]}}],"collection":[{"href":"https:\/\/www.webwise.ie\/ga\/wp-json\/wp\/v2\/posts"}],"about":[{"href":"https:\/\/www.webwise.ie\/ga\/wp-json\/wp\/v2\/types\/post"}],"author":[{"embeddable":true,"href":"https:\/\/www.webwise.ie\/ga\/wp-json\/wp\/v2\/users\/365"}],"replies":[{"embeddable":true,"href":"https:\/\/www.webwise.ie\/ga\/wp-json\/wp\/v2\/comments?post=31232"}],"version-history":[{"count":2,"href":"https:\/\/www.webwise.ie\/ga\/wp-json\/wp\/v2\/posts\/31232\/revisions"}],"predecessor-version":[{"id":32349,"href":"https:\/\/www.webwise.ie\/ga\/wp-json\/wp\/v2\/posts\/31232\/revisions\/32349"}],"wp:featuredmedia":[{"embeddable":true,"href":"https:\/\/www.webwise.ie\/ga\/wp-json\/wp\/v2\/media\/31088"}],"wp:attachment":[{"href":"https:\/\/www.webwise.ie\/ga\/wp-json\/wp\/v2\/media?parent=31232"}],"wp:term":[{"taxonomy":"category","embeddable":true,"href":"https:\/\/www.webwise.ie\/ga\/wp-json\/wp\/v2\/categories?post=31232"},{"taxonomy":"post_tag","embeddable":true,"href":"https:\/\/www.webwise.ie\/ga\/wp-json\/wp\/v2\/tags?post=31232"}],"curies":[{"name":"wp","href":"https:\/\/api.w.org\/{rel}","templated":true}]}}