{"id":34012,"date":"2020-11-30T10:45:10","date_gmt":"2020-11-30T10:45:10","guid":{"rendered":"https:\/\/www.webwise.ie\/smaointe-le-haghaidh-la-na-sabhailteachta-idirlin-nach-saraionn-srianta-covid-19\/"},"modified":"2020-11-30T10:45:14","modified_gmt":"2020-11-30T10:45:14","slug":"smaointe-le-haghaidh-la-na-sabhailteachta-idirlin-nach-saraionn-srianta-covid-19","status":"publish","type":"post","link":"https:\/\/www.webwise.ie\/ga\/la-na-sabhailteachta-idirlin\/smaointe-le-haghaidh-la-na-sabhailteachta-idirlin-nach-saraionn-srianta-covid-19\/","title":{"rendered":"Smaointe le haghaidh L\u00e1 na S\u00e1bh\u00e1ilteachta Idirl\u00edn nach s\u00e1ra\u00edonn srianta Covid-19"},"content":{"rendered":"<div class=\"wpb-content-wrapper\"><p>[vc_row row_type=&#8221;row&#8221; use_row_as_full_screen_section=&#8221;no&#8221; type=&#8221;full_width&#8221; text_align=&#8221;left&#8221; background_animation=&#8221;none&#8221; css_animation=&#8221;&#8221; css=&#8221;.vc_custom_1604351420805{padding-bottom: 20px !important;}&#8221;][vc_column][vc_single_image image=&#8221;33556&#8243; img_size=&#8221;large&#8221; qode_css_animation=&#8221;&#8221; css=&#8221;.vc_custom_1604669346500{padding-bottom: 20px !important;}&#8221;][vc_column_text]<\/p>\n<h3>C\u00e9 go bhfuil gn\u00edomha\u00edochta\u00ed L\u00e1 na S\u00e1bh\u00e1ilteachta Idirl\u00edn beag\u00e1n difri\u00fail i mbliana, agus sinn \u00e1 gcur in oiri\u00faint do shrianta Covid-19, t\u00e1imid f\u00f3s in ann ceili\u00faradh spra\u00ed\u00fail, br\u00edomhar agus sp\u00e9isi\u00fail a dh\u00e9anamh ar #SID2021!<\/h3>\n<p>&nbsp;<\/p>\n<h3><strong>C\u00e9 gur rud t\u00e1bhachtach \u00e9 treoirl\u00ednte do scoile n\u00f3 d\u2019eagra\u00edochta maidir le Covid-19 a bheith ar eolas agat agus clo\u00ed leo,<\/strong> is ioma\u00ed bealach at\u00e1 ann f\u00f3s chun L\u00e1 na S\u00e1bh\u00e1ilteachta Idirl\u00edn a chom\u00f3radh ar bhealach at\u00e1 \u00e9asca, oideachas\u00fail agus<em> nach s\u00e1ra\u00edonn srianta Covid-19<\/em>.<\/h3>\n<p>&nbsp;<\/p>\n<h3><strong>Seo a leanas 12 smaoineamh chun cuidi\u00fa leat tos\u00fa amach<\/strong><\/h3>\n<p>[\/vc_column_text][\/vc_column][\/vc_row][vc_row row_type=&#8221;row&#8221; use_row_as_full_screen_section=&#8221;no&#8221; type=&#8221;full_width&#8221; text_align=&#8221;left&#8221; background_animation=&#8221;none&#8221; css_animation=&#8221;&#8221;][vc_column css=&#8221;.vc_custom_1604401615041{padding-top: 20px !important;padding-bottom: 20px !important;}&#8221;][vc_custom_heading text=&#8221;1. C\u00farsa\u00ed Digiteacha i gCeannas&#8221; use_theme_fonts=&#8221;yes&#8221;][vc_row_inner row_type=&#8221;row&#8221; type=&#8221;full_width&#8221; use_row_as_full_screen_section_slide=&#8221;no&#8221; text_align=&#8221;left&#8221; css_animation=&#8221;&#8221;][vc_column_inner width=&#8221;1\/6&#8243;][vc_icon icon_fontawesome=&#8221;fas fa-desktop&#8221; size=&#8221;xl&#8221; css=&#8221;.vc_custom_1604403887762{padding-top: 10px !important;padding-left: 40px !important;}&#8221;][\/vc_column_inner][vc_column_inner width=&#8221;5\/6&#8243;][vc_column_text]I mbliana, n\u00edos m\u00f3 n\u00e1 riamh cheana, bain an leas is m\u00f3 is f\u00e9idir as na hacmhainn\u00ed at\u00e1 ar f\u00e1il duit chun aird a tharraingt ar L\u00e1 na S\u00e1bh\u00e1ilteachta Idirl\u00edn. <strong>C\u00e9n f\u00e1th nach bhfiosr\u00f3f\u00e1 na sc\u00e1ile\u00e1in i do scoil a \u00fas\u00e1id chun feasacht a ard\u00fa faoi sh\u00e1bh\u00e1ilteacht ar l\u00edne?<\/strong> <strong>Is deis iontach a bheadh ann chun aird phobal uile na scoile a tharraingt, tr\u00ed fh\u00edse\u00e1in a thaispe\u00e1int agus leideanna a thabhairt.<\/strong><\/p>\n<p>D\u2019fh\u00e9adf\u00e1 do chuid f\u00e9in a chruth\u00fa, n\u00f3 d\u2019fh\u00e9adf\u00e1 \u00fas\u00e1id a bhaint as cuid d\u00e1r <a href=\"https:\/\/www.webwise.ie\/teachers\/classroom-videos\/\">bhf\u00edse\u00e1in faoin<\/a><a href=\"https:\/\/www.webwise.ie\/teachers\/classroom-videos\/\">s\u00e1bh\u00e1ilteacht ar l\u00edne<\/a>, n\u00f3 d\u2019fh\u00e9adf\u00e1 measc\u00e1n den d\u00e1 rud a \u00fas\u00e1id!<\/p>\n<p>&nbsp;<\/p>\n<p>[\/vc_column_text][\/vc_column_inner][\/vc_row_inner][\/vc_column][\/vc_row][vc_row row_type=&#8221;row&#8221; use_row_as_full_screen_section=&#8221;no&#8221; type=&#8221;full_width&#8221; text_align=&#8221;left&#8221; background_animation=&#8221;none&#8221; css_animation=&#8221;&#8221;][vc_column css=&#8221;.vc_custom_1604401615041{padding-top: 20px !important;padding-bottom: 20px !important;}&#8221;][vc_custom_heading text=&#8221;2. Seol litir #SID2021 abhaile&#8221; use_theme_fonts=&#8221;yes&#8221;][vc_row_inner row_type=&#8221;row&#8221; type=&#8221;full_width&#8221; use_row_as_full_screen_section_slide=&#8221;no&#8221; text_align=&#8221;left&#8221; css_animation=&#8221;&#8221;][vc_column_inner width=&#8221;1\/6&#8243;][vc_icon icon_fontawesome=&#8221;fas fa-envelope-open&#8221; color=&#8221;purple&#8221; size=&#8221;xl&#8221; css=&#8221;.vc_custom_1604403904617{padding-top: 10px !important;padding-left: 40px !important;}&#8221;][\/vc_column_inner][vc_column_inner width=&#8221;5\/6&#8243;][vc_column_text]Is deis mhaith \u00e9 L\u00e1 na S\u00e1bh\u00e1ilteachta Idirl\u00edn chun teagmh\u00e1il a dh\u00e9anamh le tuismitheoir\u00ed agus iad a chur ar an eolas faoi na gn\u00edomha\u00edochta\u00ed at\u00e1 ar si\u00fal ar scoil, agus iad a spreagadh a bheith n\u00edos rannph\u00e1irt\u00ed sa ts\u00e1bh\u00e1ilteacht idirl\u00edn.<\/p>\n<p><strong>Is f\u00e9idir leat \u00e1r dteimpl\u00e9ad saor in aisce do litir<\/strong> a \u00fas\u00e1id, agus \u00ed a chur in oiri\u00faint do do scoil f\u00e9in.<\/p>\n<p>[\/vc_column_text][vc_btn title=&#8221;Teimpl\u00e9ad do litir faoi SID&#8221; color=&#8221;sky&#8221; css=&#8221;.vc_custom_1604505580156{padding-top: 5px !important;}&#8221; link=&#8221;url:https%3A%2F%2Fwww.webwise.ie%2Fdownload%2F33499%2F|&#8221;][\/vc_column_inner][\/vc_row_inner][\/vc_column][\/vc_row][vc_row row_type=&#8221;row&#8221; use_row_as_full_screen_section=&#8221;no&#8221; type=&#8221;full_width&#8221; text_align=&#8221;left&#8221; background_animation=&#8221;none&#8221; css_animation=&#8221;&#8221;][vc_column css=&#8221;.vc_custom_1604401615041{padding-top: 20px !important;padding-bottom: 20px !important;}&#8221;][vc_custom_heading text=&#8221;3. Cruthaigh d\u2019fh\u00edse\u00e1n n\u00f3 do phodchraoladh f\u00e9in&#8221; use_theme_fonts=&#8221;yes&#8221;][vc_row_inner row_type=&#8221;row&#8221; type=&#8221;full_width&#8221; use_row_as_full_screen_section_slide=&#8221;no&#8221; text_align=&#8221;left&#8221; css_animation=&#8221;&#8221;][vc_column_inner width=&#8221;1\/6&#8243;][vc_icon icon_fontawesome=&#8221;fas fa-film&#8221; color=&#8221;green&#8221; size=&#8221;xl&#8221; css=&#8221;.vc_custom_1604403964181{padding-top: 10px !important;padding-left: 40px !important;}&#8221;][\/vc_column_inner][vc_column_inner width=&#8221;5\/6&#8243;][vc_column_text]Is bealach cruthaitheach \u00e9, agus bealach a bhfuil an-t\u00f3ir air, f\u00edse\u00e1n n\u00f3 podchraoladh a dh\u00e9anamh chun L\u00e1 na S\u00e1bh\u00e1ilteachta Idirl\u00edn a chom\u00f3radh agus chun s\u00e1bh\u00e1ilteacht idirl\u00edn a chur chun cinn. B\u00edodh agallaimh, comhairle n\u00f3 leideanna faoin ts\u00e1bh\u00e1ilteacht ar l\u00edne \u00e1 dtaifeadadh ag na scol\u00e1ir\u00ed, is deis a bheadh ann d\u00f3ibh foghlaim faoin ts\u00e1bh\u00e1ilteacht ar l\u00edne, agus chun a bhf\u00edse\u00e1n n\u00f3 a bp\u00edosa fuaime f\u00e9in a phlean\u00e1il agus a thaifeadadh agus eagarth\u00f3ireacht a dh\u00e9anamh air.<\/p>\n<p>&nbsp;<\/p>\n<p>M\u00e1 t\u00e1 inspior\u00e1id \u00e1 lorg agat, l\u00e9igh faoin tsl\u00ed ar \u00fas\u00e1id scol\u00e1ir\u00ed<a href=\"https:\/\/www.webwise.ie\/news\/safer-internet-day-awards-2019\/\"> f\u00edse\u00e1in agus podchraolta\u00ed<\/a> chun aird a tharraingt ar L\u00e1 na S\u00e1bh\u00e1ilteachta Idirl\u00edn sna blianta roimhe seo.[\/vc_column_text][\/vc_column_inner][\/vc_row_inner][\/vc_column][\/vc_row][vc_row row_type=&#8221;row&#8221; use_row_as_full_screen_section=&#8221;no&#8221; type=&#8221;full_width&#8221; text_align=&#8221;left&#8221; background_animation=&#8221;none&#8221; css_animation=&#8221;&#8221;][vc_column css=&#8221;.vc_custom_1604401615041{padding-top: 20px !important;padding-bottom: 20px !important;}&#8221;][vc_custom_heading text=&#8221;4. Nuacht\u00e1n, nuachtlitir n\u00f3 su\u00edomh gr\u00e9as\u00e1in na scoile&#8221; use_theme_fonts=&#8221;yes&#8221;][vc_row_inner row_type=&#8221;row&#8221; type=&#8221;full_width&#8221; use_row_as_full_screen_section_slide=&#8221;no&#8221; text_align=&#8221;left&#8221; css_animation=&#8221;&#8221;][vc_column_inner width=&#8221;1\/6&#8243;][vc_icon icon_fontawesome=&#8221;fas fa-newspaper&#8221; color=&#8221;custom&#8221; size=&#8221;xl&#8221; css=&#8221;.vc_custom_1604403982351{padding-top: 10px !important;padding-left: 40px !important;}&#8221; custom_color=&#8221;#dd3333&#8243;][\/vc_column_inner][vc_column_inner width=&#8221;5\/6&#8243;][vc_column_text]<strong>C\u00e9n f\u00e1th nach mbainfe\u00e1 \u00fas\u00e1id as nuacht\u00e1n n\u00f3 su\u00edomh gr\u00e9as\u00e1in do scoile chun poibl\u00edocht a dh\u00e9anamh ar L\u00e1 na S\u00e1bh\u00e1ilteachta Idirl\u00edn?<\/strong><\/p>\n<p>&nbsp;<\/p>\n<p>N\u00ed hamh\u00e1in gur deis a bheadh ann do scileanna scr\u00edbhneoireachta a thaispe\u00e1int, is f\u00e9idir feasacht faoi imeachta\u00ed n\u00f3 gn\u00edomha\u00edochta\u00ed at\u00e1 ag tarl\u00fa a ard\u00fa tr\u00ed inneachar a chruth\u00fa do na hard\u00e1in sin, n\u00f3 chun leideanna a thabhairt faoi \u00e1bhair \u00e9ags\u00fala a bhaineann le s\u00e1bh\u00e1ilteacht ar l\u00edne, amhail cumars\u00e1id mheas\u00fail, foll\u00e1ine ar l\u00edne, \u00edomh\u00e1nna a roinnt agus pr\u00edobh\u00e1ideachas.<\/p>\n<p>D\u2019fh\u00e9adf\u00e1 Preaseisi\u00faint a scr\u00edobh freisin agus \u00ed a sheoladh chuig do nuacht\u00e1n n\u00f3 st\u00e1isi\u00fan raidi\u00f3 \u00e1iti\u00fail chun aird a tharraingt ar na gn\u00edomha\u00edochta\u00ed at\u00e1 ar bun sa scoil chun L\u00e1 na S\u00e1bh\u00e1ilteachta Idirl\u00edn a chom\u00f3radh.<\/p>\n<p>Is f\u00e9idir \u00e1r dteimpl\u00e9ad de Phreaseisi\u00faint a \u00edosl\u00f3d\u00e1il agus a chur in oiri\u00faint do do scoil f\u00e9in!<\/p>\n<p>[\/vc_column_text][vc_btn title=&#8221;Teimpl\u00e9ad de Phreaseisi\u00faint&#8221; color=&#8221;primary&#8221; link=&#8221;url:https%3A%2F%2Fwww.webwise.ie%2Fdownload%2F33551%2F|&#8221; css=&#8221;.vc_custom_1604670062857{padding-top: 10px !important;}&#8221;][\/vc_column_inner][\/vc_row_inner][\/vc_column][\/vc_row][vc_row row_type=&#8221;row&#8221; use_row_as_full_screen_section=&#8221;no&#8221; type=&#8221;full_width&#8221; text_align=&#8221;left&#8221; background_animation=&#8221;none&#8221; css_animation=&#8221;&#8221;][vc_column css=&#8221;.vc_custom_1604401615041{padding-top: 20px !important;padding-bottom: 20px !important;}&#8221;][vc_custom_heading text=&#8221;5. D\u00e9an suirbh\u00e9 i do scoil&#8221; use_theme_fonts=&#8221;yes&#8221;][vc_row_inner row_type=&#8221;row&#8221; type=&#8221;full_width&#8221; use_row_as_full_screen_section_slide=&#8221;no&#8221; text_align=&#8221;left&#8221; css_animation=&#8221;&#8221;][vc_column_inner width=&#8221;1\/6&#8243;][vc_icon icon_fontawesome=&#8221;fas fa-poll&#8221; color=&#8221;custom&#8221; size=&#8221;xl&#8221; css=&#8221;.vc_custom_1604404010583{padding-top: 10px !important;padding-left: 40px !important;}&#8221; custom_color=&#8221;#e07131&#8243;][\/vc_column_inner][vc_column_inner width=&#8221;5\/6&#8243;][vc_column_text]<strong>D\u00e9an suirbh\u00e9 ar scol\u00e1ir\u00ed sa scoil chun a dtuairim\u00ed a fh\u00e1il faoi \u00e1bhar n\u00f3 \u00e1bhair s\u00e1bh\u00e1ilteachta idirl\u00edn.<\/strong><\/p>\n<p>Is bealach maith \u00e9 sin freisin chun aird a tharraingt ar sh\u00e1bh\u00e1ilteacht ar l\u00edne agus is f\u00e9idir \u00e9 a \u00fas\u00e1id mar bhuntaca chun na cine\u00e1lacha saincheisteanna a nd\u00edreofar orthu ar L\u00e1 na S\u00e1bh\u00e1ilteachta Idirl\u00edn, n\u00f3 ar feadh na bliana, a chinneadh.[\/vc_column_text][\/vc_column_inner][\/vc_row_inner][\/vc_column][\/vc_row][vc_row row_type=&#8221;row&#8221; use_row_as_full_screen_section=&#8221;no&#8221; type=&#8221;full_width&#8221; text_align=&#8221;left&#8221; background_animation=&#8221;none&#8221; css_animation=&#8221;&#8221;][vc_column css=&#8221;.vc_custom_1604401615041{padding-top: 20px !important;padding-bottom: 20px !important;}&#8221;][vc_custom_heading text=&#8221;6. B\u00ed i d\u2019\u00f3stach d\u2019aoi f\u00edor\u00fail&#8221; use_theme_fonts=&#8221;yes&#8221;][vc_row_inner row_type=&#8221;row&#8221; type=&#8221;full_width&#8221; use_row_as_full_screen_section_slide=&#8221;no&#8221; text_align=&#8221;left&#8221; css_animation=&#8221;&#8221;][vc_column_inner width=&#8221;1\/6&#8243;][vc_icon icon_fontawesome=&#8221;fas fa-user&#8221; color=&#8221;custom&#8221; size=&#8221;xl&#8221; css=&#8221;.vc_custom_1604405628862{padding-top: 10px !important;padding-left: 40px !important;}&#8221; custom_color=&#8221;#38c3ff&#8221;][\/vc_column_inner][vc_column_inner width=&#8221;5\/6&#8243;][vc_column_text]C\u00e9 gur dheacair do scoileanna cuireadh a thabhairt d\u2019a\u00edonna teacht chun na scoile chun labhairt faoin ts\u00e1bh\u00e1ilteacht idirl\u00edn aghaidh ar aghaidh de bharr shrianta Covid19, c\u00e9n f\u00e1th nach smaoineof\u00e1 ar sheimine\u00e1r gr\u00e9as\u00e1in n\u00f3 caint fh\u00edor\u00fail a re\u00e1cht\u00e1il don rang?<\/p>\n<p>[\/vc_column_text][\/vc_column_inner][\/vc_row_inner][\/vc_column][\/vc_row][vc_row row_type=&#8221;row&#8221; use_row_as_full_screen_section=&#8221;no&#8221; type=&#8221;full_width&#8221; text_align=&#8221;left&#8221; background_animation=&#8221;none&#8221; css_animation=&#8221;&#8221;][vc_column css=&#8221;.vc_custom_1604401615041{padding-top: 20px !important;padding-bottom: 20px !important;}&#8221;][vc_custom_heading text=&#8221;7. F\u00e9ach ar fh\u00edse\u00e1n faoi sh\u00e1bh\u00e1ilteacht idirl\u00edn ar l\u00edne&#8221; use_theme_fonts=&#8221;yes&#8221;][vc_row_inner row_type=&#8221;row&#8221; type=&#8221;full_width&#8221; use_row_as_full_screen_section_slide=&#8221;no&#8221; text_align=&#8221;left&#8221; css_animation=&#8221;&#8221;][vc_column_inner width=&#8221;1\/6&#8243;][vc_icon icon_fontawesome=&#8221;fab fa-youtube&#8221; color=&#8221;custom&#8221; size=&#8221;xl&#8221; css=&#8221;.vc_custom_1604406009068{padding-top: 10px !important;padding-left: 40px !important;}&#8221; custom_color=&#8221;#53a023&#8243;][\/vc_column_inner][vc_column_inner width=&#8221;5\/6&#8243;][vc_column_text]Is deis iontach \u00e9 L\u00e1 na S\u00e1bh\u00e1ilteachta Idirl\u00edn chun s\u00e1bh\u00e1ilteacht ar l\u00edne a chur chun cinn agus chun raon pr\u00edomh\u00e1bhar a fhiosr\u00fa &#8211; agus <strong>is bealach f\u00edormhaith \u00e9 f\u00e9achaint ar fh\u00edse\u00e1in faoin ts\u00e1bh\u00e1ilteacht ar l\u00edne chun t\u00fas a chur leis an bpl\u00e9!<\/strong><\/p>\n<p>T\u00e1 f\u00edse\u00e1in do bhunscoileanna agus d\u2019iarbhunscoileanna ag Webwise, ina bhfiosra\u00edtear raon saincheisteanna t\u00e1bhachtacha amhail cumars\u00e1id mheas\u00fail\/cibearbhula\u00edocht, f\u00f3gra\u00edocht ar l\u00edne, faisn\u00e9is bhr\u00e9agach, olltioms\u00fa sonra\u00ed, \u00edomh\u00e1nna a roinnt agus f\u00e9inmheas.<\/p>\n<p>T\u00e1 na f\u00edse\u00e1in go l\u00e9ir saor in aisce agus is f\u00e9idir iad a shruth\u00fa n\u00f3 a \u00edosl\u00f3d\u00e1il \u00f3n\u00e1r su\u00edomh gr\u00e9as\u00e1in. T\u00e1 na f\u00edse\u00e1in le f\u00e1il <a href=\"https:\/\/www.webwise.ie\/teachers\/classroom-videos\/\">anseo<\/a>.<\/p>\n<p>[\/vc_column_text][\/vc_column_inner][\/vc_row_inner][\/vc_column][\/vc_row][vc_row row_type=&#8221;row&#8221; use_row_as_full_screen_section=&#8221;no&#8221; type=&#8221;full_width&#8221; text_align=&#8221;left&#8221; background_animation=&#8221;none&#8221; css_animation=&#8221;&#8221;][vc_column css=&#8221;.vc_custom_1604401615041{padding-top: 20px !important;padding-bottom: 20px !important;}&#8221;][vc_custom_heading text=&#8221;8. Cuir d\u2019fheachtas ar l\u00edne&#8221; use_theme_fonts=&#8221;yes&#8221;][vc_row_inner row_type=&#8221;row&#8221; type=&#8221;full_width&#8221; use_row_as_full_screen_section_slide=&#8221;no&#8221; text_align=&#8221;left&#8221; css_animation=&#8221;&#8221;][vc_column_inner width=&#8221;1\/6&#8243;][vc_icon icon_fontawesome=&#8221;fas fa-hashtag&#8221; color=&#8221;custom&#8221; size=&#8221;xl&#8221; css=&#8221;.vc_custom_1604406771288{padding-top: 10px !important;padding-left: 40px !important;}&#8221; custom_color=&#8221;#1d41f4&#8243;][\/vc_column_inner][vc_column_inner width=&#8221;5\/6&#8243;][vc_column_text]<span class=\"SS_gjA\">Cruthaigh Blag, su\u00edomh gr\u00e9as\u00e1in n\u00f3 feachtas ar na me\u00e1in sh\u00f3isialta faoi #SID2021.<\/span> <span class=\"SS_gjA\">Cib\u00e9 acu an feachtas a mhairfidh m\u00ed at\u00e1 ar bun agat, n\u00f3 gn\u00edomha\u00edochta\u00ed n\u00edos l\u00fa chun aird a tharraingt ar an ts\u00e1bh\u00e1ilteacht ar l\u00edne, is bealach iontach at\u00e1 sna me\u00e1in sh\u00f3isialta chun lucht f\u00e9achana n\u00edos m\u00f3 a aimsi\u00fa do do theachtaireacht. D\u00e9an machnamh ar na hard\u00e1in is f\u00e9idir leat a \u00fas\u00e1id, ar an lucht f\u00e9achana at\u00e1 t\u00fa ag iarraidh a aimsi\u00fa, agus ar na teachtaireachta\u00ed ar mian leat aird a thabhairt orthu!<\/span><\/p>\n<p><em><strong><span class=\"SS_gjA\">Cuimhnigh go bhf\u00e9adfaidh t\u00fa p\u00e1irt a ghlacadh sa phl\u00e9 n\u00e1isi\u00fanta agus idirn\u00e1isi\u00fanta ach an haischlib #SID2021 a \u00fas\u00e1id, agus tr\u00ed Webwise Ireland a chlibe\u00e1il ar na me\u00e1in sh\u00f3isialta.<\/span><\/strong><\/em>[\/vc_column_text][\/vc_column_inner][\/vc_row_inner][\/vc_column][\/vc_row][vc_row row_type=&#8221;row&#8221; use_row_as_full_screen_section=&#8221;no&#8221; type=&#8221;full_width&#8221; text_align=&#8221;left&#8221; background_animation=&#8221;none&#8221; css_animation=&#8221;&#8221;][vc_column css=&#8221;.vc_custom_1604401615041{padding-top: 20px !important;padding-bottom: 20px !important;}&#8221;][vc_custom_heading text=&#8221;9. Cuir i l\u00e1thair saor in aisce a bhfuil script leo le haghaidh L\u00e1 na S\u00e1bh\u00e1ilteachta Idirl\u00edn&#8221; use_theme_fonts=&#8221;yes&#8221;][vc_row_inner row_type=&#8221;row&#8221; type=&#8221;full_width&#8221; use_row_as_full_screen_section_slide=&#8221;no&#8221; text_align=&#8221;left&#8221; css_animation=&#8221;&#8221;][vc_column_inner width=&#8221;1\/6&#8243;][vc_icon icon_fontawesome=&#8221;fas fa-file-powerpoint&#8221; color=&#8221;custom&#8221; size=&#8221;xl&#8221; css=&#8221;.vc_custom_1604406956568{padding-top: 10px !important;padding-left: 40px !important;}&#8221; custom_color=&#8221;#dd3333&#8243;][\/vc_column_inner][vc_column_inner width=&#8221;5\/6&#8243;][vc_column_text]T\u00e1 cuir i l\u00e1thair saor in aisce a bhfuil script leo le f\u00e1il, ar leibh\u00e9al bunscoile agus iarbhunscoile. Ceapadh iad go sonrach chun cabhr\u00fa le scoileanna agus le heagra\u00edochta\u00ed a bheidh rannph\u00e1irteach i L\u00e1 na S\u00e1bh\u00e1ilteachta Idirl\u00edn. Is f\u00e9idir na cuir i l\u00e1thair a \u00fas\u00e1id sa seomra ranga agus t\u00e1 gn\u00edomha\u00edochta\u00ed agus \u00e1bhair f\u00edse\u00e1in a thaca\u00edonn leo.<\/p>\n<p>&nbsp;<\/p>\n<p>[\/vc_column_text][vc_btn title=&#8221;Cuir i l\u00e1thair SID&#8221; color=&#8221;primary&#8221; link=&#8221;url:https%3A%2F%2Fwww.webwise.ie%2Fsafer-internet-day-presentations%2F|&#8221;][\/vc_column_inner][\/vc_row_inner][\/vc_column][\/vc_row][vc_row row_type=&#8221;row&#8221; use_row_as_full_screen_section=&#8221;no&#8221; type=&#8221;full_width&#8221; text_align=&#8221;left&#8221; background_animation=&#8221;none&#8221; css_animation=&#8221;&#8221;][vc_column css=&#8221;.vc_custom_1604401615041{padding-top: 20px !important;padding-bottom: 20px !important;}&#8221;][vc_custom_heading text=&#8221;10. D\u00e9an tr\u00e1th na gceist&#8221; use_theme_fonts=&#8221;yes&#8221;][vc_row_inner row_type=&#8221;row&#8221; type=&#8221;full_width&#8221; use_row_as_full_screen_section_slide=&#8221;no&#8221; text_align=&#8221;left&#8221; css_animation=&#8221;&#8221;][vc_column_inner width=&#8221;1\/6&#8243;][vc_icon icon_fontawesome=&#8221;far fa-question-circle&#8221; color=&#8221;custom&#8221; size=&#8221;xl&#8221; css=&#8221;.vc_custom_1604407381054{padding-top: 10px !important;padding-left: 40px !important;}&#8221; custom_color=&#8221;#95cc2e&#8221;][\/vc_column_inner][vc_column_inner width=&#8221;5\/6&#8243;][vc_column_text]<strong>Is bealach spra\u00ed\u00fail \u00e9 tr\u00e1th na gceist chun L\u00e1 na S\u00e1bh\u00e1ilteachta Idirl\u00edn a cheili\u00faradh.<\/strong> Faigh amach c\u00e9 chomh gaoiseach faoin ngr\u00e9as\u00e1n at\u00e1 do scol\u00e1ir\u00ed leis an tr\u00e1th na gceist idirghn\u00edomhach <a href=\"https:\/\/www.webwise.ie\/lessons\/4-webwise-quiz\/\">Laochra HTML<\/a>, n\u00f3 bain \u00fas\u00e1id as Ceacht 8 san acmhainn chun meas\u00fan\u00fa a dh\u00e9anamh ar chumas do scol\u00e1ir\u00ed cumars\u00e1id agus caidreamh a dh\u00e9anamh le daoine eile ar l\u00edne gan iad f\u00e9in a chur i mbaol gan gh\u00e1, leis an tr\u00e1th na gceist <a href=\"https:\/\/www.webwise.ie\/lessons\/8-chatwise-assessment\/\">Chatwise<\/a>.<\/p>\n<p>N\u00f3 cruthaigh do thr\u00e1th na gceist f\u00e9in le haghaidh L\u00e1 na S\u00e1bh\u00e1ilteachta Idirl\u00edn, ach uirlis\u00ed ar l\u00edne a \u00fas\u00e1id, amhail <a href=\"https:\/\/kahoot.com\/\">Kahoot<\/a>, <a href=\"https:\/\/www.mentimeter.com\/\">Menti Meter<\/a>, n\u00f3 <a href=\"https:\/\/quizizz.com\/\">Quizizz<\/a>.<\/p>\n<p>&nbsp;<\/p>\n<p>[\/vc_column_text][\/vc_column_inner][\/vc_row_inner][\/vc_column][\/vc_row][vc_row row_type=&#8221;row&#8221; use_row_as_full_screen_section=&#8221;no&#8221; type=&#8221;full_width&#8221; text_align=&#8221;left&#8221; background_animation=&#8221;none&#8221; css_animation=&#8221;&#8221;][vc_column css=&#8221;.vc_custom_1604401615041{padding-top: 20px !important;padding-bottom: 20px !important;}&#8221;][vc_custom_heading text=&#8221;11. #BeKindOnline &#8211; D\u00e9an C\u00f3d Ar L\u00edne n\u00f3 Conradh Ranga a fhorbairt&#8221; use_theme_fonts=&#8221;yes&#8221;][vc_row_inner row_type=&#8221;row&#8221; type=&#8221;full_width&#8221; use_row_as_full_screen_section_slide=&#8221;no&#8221; text_align=&#8221;left&#8221; css_animation=&#8221;&#8221;][vc_column_inner width=&#8221;1\/6&#8243;][vc_icon icon_fontawesome=&#8221;fas fa-heart&#8221; color=&#8221;custom&#8221; size=&#8221;xl&#8221; css=&#8221;.vc_custom_1604407625220{padding-top: 10px !important;padding-left: 40px !important;}&#8221; custom_color=&#8221;#ef3793&#8243;][\/vc_column_inner][vc_column_inner width=&#8221;5\/6&#8243;][vc_column_text]Bain \u00fas\u00e1id as \u00e1r ngn\u00edomha\u00edocht faoin <a href=\"https:\/\/www.webwise.ie\/teachers\/myselfielesson5\/\">gC\u00f3d Ar L\u00edne in-\u00edosl\u00f3d\u00e1ilte<\/a> chun cabhr\u00fa le scol\u00e1ir\u00ed treoirl\u00ednte ar \u00fas\u00e1id an idirl\u00edn agus na teicneola\u00edochta a fhorbairt agus a chur i bhfeidhm, agus chun cabhr\u00fa le cosc a chur ar chibearbhula\u00edocht. Is cuid de Cheacht 5 den acmhainn oideachais MySelfie agus an Domhan M\u00f3r \u00ed an ghn\u00edomha\u00edocht sin.[\/vc_column_text][\/vc_column_inner][\/vc_row_inner][\/vc_column][\/vc_row][vc_row row_type=&#8221;row&#8221; use_row_as_full_screen_section=&#8221;no&#8221; type=&#8221;full_width&#8221; text_align=&#8221;left&#8221; background_animation=&#8221;none&#8221; css_animation=&#8221;&#8221;][vc_column css=&#8221;.vc_custom_1604401615041{padding-top: 20px !important;padding-bottom: 20px !important;}&#8221;][vc_custom_heading text=&#8221;12. Cuir do scoil ar an l\u00e9arsc\u00e1il!&#8221; use_theme_fonts=&#8221;yes&#8221;][vc_row_inner row_type=&#8221;row&#8221; type=&#8221;full_width&#8221; use_row_as_full_screen_section_slide=&#8221;no&#8221; text_align=&#8221;left&#8221; css_animation=&#8221;&#8221;][vc_column_inner width=&#8221;1\/6&#8243;][vc_icon icon_fontawesome=&#8221;fas fa-map-marked-alt&#8221; color=&#8221;custom&#8221; size=&#8221;xl&#8221; css=&#8221;.vc_custom_1604407735215{padding-top: 10px !important;padding-left: 40px !important;}&#8221; custom_color=&#8221;#33a1e0&#8243;][\/vc_column_inner][vc_column_inner width=&#8221;5\/6&#8243;][vc_column_text]Is cuma c\u00e9 chomh m\u00f3r n\u00f3 chomh beag d\u2019imeacht n\u00f3 do ghn\u00edomha\u00edocht,<strong> m\u00e1 t\u00e1 L\u00e1 na S\u00e1bh\u00e1ilteachta Idirl\u00edn \u00e1 chom\u00f3radh agat \u2013 inis d\u00fainn faoi! <\/strong><\/p>\n<p>L\u00e9ireoidh l\u00e9arsc\u00e1il idirghn\u00edomhach na h\u00c9ireann um L\u00e1 na S\u00e1bh\u00e1ilteachta Idirl\u00edn na scoileanna ar fud na t\u00edre a bheidh rannph\u00e1irteach sa l\u00e1.<\/p>\n<p>Cl\u00e1raigh le bheith ar an l\u00e9arsc\u00e1il agus le pac\u00e1iste SAOR IN AISCE faoi L\u00e1 na S\u00e1bh\u00e1ilteachta Idirl\u00edn a fh\u00e1il do do scoil!<\/p>\n<p>[\/vc_column_text][vc_btn title=&#8221;Cl\u00e1r\u00fach\u00e1n SID&#8221; color=&#8221;primary&#8221; link=&#8221;url:https%3A%2F%2Fwww.webwise.ie%2Fsaferinternetday%2Fsubmit-sid-event%2F|&#8221; css=&#8221;.vc_custom_1604671136544{padding-top: 20px !important;}&#8221;][\/vc_column_inner][\/vc_row_inner][\/vc_column][\/vc_row][vc_row row_type=&#8221;row&#8221; use_row_as_full_screen_section=&#8221;no&#8221; type=&#8221;full_width&#8221; text_align=&#8221;left&#8221; background_animation=&#8221;none&#8221; css_animation=&#8221;&#8221; css=&#8221;.vc_custom_1604670133321{border-top-width: 6px !important;background-color: #f4f4f4 !important;border-top-color: #999999 !important;border-top-style: solid !important;border-radius: 5px !important;}&#8221;][vc_column][vc_row_inner row_type=&#8221;row&#8221; type=&#8221;full_width&#8221; use_row_as_full_screen_section_slide=&#8221;no&#8221; text_align=&#8221;left&#8221; css_animation=&#8221;&#8221;][vc_column_inner width=&#8221;1\/6&#8243;][vc_single_image image=&#8221;33561&#8243; img_size=&#8221;medium&#8221; onclick=&#8221;custom_link&#8221; qode_css_animation=&#8221;&#8221; link=&#8221;https:\/\/www.webwise.ie\/saferinternetday\/how-to-get-involved-in-safer-internet-day\/&#8221; css=&#8221;.vc_custom_1604670585655{padding-top: 20px !important;}&#8221;][\/vc_column_inner][vc_column_inner width=&#8221;4\/6&#8243;][vc_column_text css=&#8221;.vc_custom_1604670238399{padding-top: 20px !important;}&#8221;]<\/p>\n<h3>T\u00e9igh siar chuig an Mol maidir le L\u00e1 na S\u00e1bh\u00e1ilteachta Idirl\u00edn chun tuilleadh smaointe, inspior\u00e1ide agus acmhainn\u00ed a fh\u00e1il le h\u00fas\u00e1id chun L\u00e1 na S\u00e1bh\u00e1ilteachta Idirl\u00edn a cheili\u00faradh.<\/h3>\n<p>[\/vc_column_text][vc_empty_space][vc_btn title=&#8221;Mol maidir le L\u00e1 na S\u00e1bh\u00e1ilteachta Idirl\u00edn&#8221; color=&#8221;primary&#8221; link=&#8221;url:https%3A%2F%2Fwww.webwise.ie%2Fsaferinternetday%2Fhow-to-get-involved-in-safer-internet-day%2F|&#8221;][\/vc_column_inner][\/vc_row_inner][\/vc_column][\/vc_row]<\/p>\n<\/div>","protected":false},"excerpt":{"rendered":"<p>[vc_row row_type=&#8221;row&#8221; use_row_as_full_screen_section=&#8221;no&#8221; type=&#8221;full_width&#8221; text_align=&#8221;left&#8221; background_animation=&#8221;none&#8221; css_animation=&#8221;&#8221; css=&#8221;.vc_custom_1604351420805{padding-bottom: 20px !important;}&#8221;][vc_column][vc_single_image image=&#8221;33556&#8243; img_size=&#8221;large&#8221; qode_css_animation=&#8221;&#8221; css=&#8221;.vc_custom_1604669346500{padding-bottom: 20px !important;}&#8221;][vc_column_text] C\u00e9 go bhfuil gn\u00edomha\u00edochta\u00ed [&hellip;]<\/p>\n","protected":false},"author":365,"featured_media":33540,"comment_status":"closed","ping_status":"closed","sticky":false,"template":"","format":"standard","meta":{"_acf_changed":false,"_uag_custom_page_level_css":"","footnotes":""},"categories":[1081,400],"tags":[136,198,1082,1083],"class_list":["post-34012","post","type-post","status-publish","format-standard","has-post-thumbnail","hentry","category-la-na-sabhailteachta-idirlin","category-trend","tag-la-na-sabhailteachta-idirlin-ga-2","tag-la-na-sabhailteachta-idirlin-ga","tag-sid2021-ga","tag-smaointe-le-haghaidh-la-na-sabhailteachta-idirlin-sid"],"acf":[],"yoast_head":"<!-- This site is optimized with the Yoast SEO plugin v27.4 - https:\/\/yoast.com\/product\/yoast-seo-wordpress\/ -->\n<title>Smaointe le haghaidh L\u00e1 na S\u00e1bh\u00e1ilteachta Idirl\u00edn nach s\u00e1ra\u00edonn srianta Covid-19 L\u00e1 na S\u00e1bh\u00e1ilteachta Idirl\u00edn<\/title>\n<meta name=\"description\" content=\"C\u00e9 gur rud t\u00e1bhachtach \u00e9 clo\u00ed le treoirl\u00ednte do scoile maidir le Covid-19, is ioma\u00ed bealach at\u00e1 ann f\u00f3s chun L\u00e1 na S\u00e1bh\u00e1ilteachta Idirl\u00edn a chom\u00f3radh.\" \/>\n<meta name=\"robots\" content=\"index, follow, max-snippet:-1, max-image-preview:large, max-video-preview:-1\" \/>\n<link rel=\"canonical\" href=\"https:\/\/www.webwise.ie\/ga\/la-na-sabhailteachta-idirlin\/smaointe-le-haghaidh-la-na-sabhailteachta-idirlin-nach-saraionn-srianta-covid-19\/\" \/>\n<meta property=\"og:locale\" content=\"en_US\" \/>\n<meta property=\"og:type\" content=\"article\" \/>\n<meta property=\"og:title\" content=\"Smaointe le haghaidh L\u00e1 na S\u00e1bh\u00e1ilteachta Idirl\u00edn nach s\u00e1ra\u00edonn srianta Covid-19 L\u00e1 na S\u00e1bh\u00e1ilteachta Idirl\u00edn\" \/>\n<meta property=\"og:description\" content=\"C\u00e9 gur rud t\u00e1bhachtach \u00e9 clo\u00ed le treoirl\u00ednte do scoile maidir le Covid-19, is ioma\u00ed bealach at\u00e1 ann f\u00f3s chun L\u00e1 na S\u00e1bh\u00e1ilteachta Idirl\u00edn a chom\u00f3radh.\" \/>\n<meta property=\"og:url\" content=\"https:\/\/www.webwise.ie\/ga\/la-na-sabhailteachta-idirlin\/smaointe-le-haghaidh-la-na-sabhailteachta-idirlin-nach-saraionn-srianta-covid-19\/\" \/>\n<meta property=\"og:site_name\" content=\"Webwise.ie\" \/>\n<meta property=\"article:publisher\" content=\"https:\/\/www.facebook.com\/Webwise\/\" \/>\n<meta property=\"article:published_time\" content=\"2020-11-30T10:45:10+00:00\" \/>\n<meta property=\"article:modified_time\" content=\"2020-11-30T10:45:14+00:00\" \/>\n<meta property=\"og:image\" content=\"https:\/\/www.webwise.ie\/wp-content\/uploads\/2020\/11\/img2126.png\" \/>\n\t<meta property=\"og:image:width\" content=\"740\" \/>\n\t<meta property=\"og:image:height\" content=\"360\" \/>\n\t<meta property=\"og:image:type\" content=\"image\/png\" \/>\n<meta name=\"author\" content=\"catriona2\" \/>\n<meta name=\"twitter:label1\" content=\"Written by\" \/>\n\t<meta name=\"twitter:data1\" content=\"catriona2\" \/>\n\t<meta name=\"twitter:label2\" content=\"Est. reading time\" \/>\n\t<meta name=\"twitter:data2\" content=\"16 minutes\" \/>\n<script type=\"application\/ld+json\" class=\"yoast-schema-graph\">{\"@context\":\"https:\\\/\\\/schema.org\",\"@graph\":[{\"@type\":\"Article\",\"@id\":\"https:\\\/\\\/www.webwise.ie\\\/ga\\\/la-na-sabhailteachta-idirlin\\\/smaointe-le-haghaidh-la-na-sabhailteachta-idirlin-nach-saraionn-srianta-covid-19\\\/#article\",\"isPartOf\":{\"@id\":\"https:\\\/\\\/www.webwise.ie\\\/ga\\\/la-na-sabhailteachta-idirlin\\\/smaointe-le-haghaidh-la-na-sabhailteachta-idirlin-nach-saraionn-srianta-covid-19\\\/\"},\"author\":{\"name\":\"catriona2\",\"@id\":\"https:\\\/\\\/www.webwise.ie\\\/ga\\\/#\\\/schema\\\/person\\\/2aebf6c758ede44564a52c2108c29bc8\"},\"headline\":\"Smaointe le haghaidh L\u00e1 na S\u00e1bh\u00e1ilteachta Idirl\u00edn nach s\u00e1ra\u00edonn srianta Covid-19\",\"datePublished\":\"2020-11-30T10:45:10+00:00\",\"dateModified\":\"2020-11-30T10:45:14+00:00\",\"mainEntityOfPage\":{\"@id\":\"https:\\\/\\\/www.webwise.ie\\\/ga\\\/la-na-sabhailteachta-idirlin\\\/smaointe-le-haghaidh-la-na-sabhailteachta-idirlin-nach-saraionn-srianta-covid-19\\\/\"},\"wordCount\":3242,\"image\":{\"@id\":\"https:\\\/\\\/www.webwise.ie\\\/ga\\\/la-na-sabhailteachta-idirlin\\\/smaointe-le-haghaidh-la-na-sabhailteachta-idirlin-nach-saraionn-srianta-covid-19\\\/#primaryimage\"},\"thumbnailUrl\":\"https:\\\/\\\/www.webwise.ie\\\/wp-content\\\/uploads\\\/2020\\\/11\\\/img2126.png\",\"keywords\":[\"L\u00e1 na S\u00e1bh\u00e1ilteachta Idirl\u00edn\",\"L\u00e1 na S\u00e1bh\u00e1ilteachta Idirl\u00edn\",\"SID2021\",\"Smaointe le haghaidh L\u00e1 na S\u00e1bh\u00e1ilteachta Idirl\u00edn (SID)\"],\"articleSection\":[\"L\u00e1 na S\u00e1bh\u00e1ilteachta Idirl\u00edn\",\"Treocht\"],\"inLanguage\":\"en-GA\"},{\"@type\":\"WebPage\",\"@id\":\"https:\\\/\\\/www.webwise.ie\\\/ga\\\/la-na-sabhailteachta-idirlin\\\/smaointe-le-haghaidh-la-na-sabhailteachta-idirlin-nach-saraionn-srianta-covid-19\\\/\",\"url\":\"https:\\\/\\\/www.webwise.ie\\\/ga\\\/la-na-sabhailteachta-idirlin\\\/smaointe-le-haghaidh-la-na-sabhailteachta-idirlin-nach-saraionn-srianta-covid-19\\\/\",\"name\":\"Smaointe le haghaidh L\u00e1 na S\u00e1bh\u00e1ilteachta Idirl\u00edn nach s\u00e1ra\u00edonn srianta Covid-19 L\u00e1 na S\u00e1bh\u00e1ilteachta Idirl\u00edn\",\"isPartOf\":{\"@id\":\"https:\\\/\\\/www.webwise.ie\\\/ga\\\/#website\"},\"primaryImageOfPage\":{\"@id\":\"https:\\\/\\\/www.webwise.ie\\\/ga\\\/la-na-sabhailteachta-idirlin\\\/smaointe-le-haghaidh-la-na-sabhailteachta-idirlin-nach-saraionn-srianta-covid-19\\\/#primaryimage\"},\"image\":{\"@id\":\"https:\\\/\\\/www.webwise.ie\\\/ga\\\/la-na-sabhailteachta-idirlin\\\/smaointe-le-haghaidh-la-na-sabhailteachta-idirlin-nach-saraionn-srianta-covid-19\\\/#primaryimage\"},\"thumbnailUrl\":\"https:\\\/\\\/www.webwise.ie\\\/wp-content\\\/uploads\\\/2020\\\/11\\\/img2126.png\",\"datePublished\":\"2020-11-30T10:45:10+00:00\",\"dateModified\":\"2020-11-30T10:45:14+00:00\",\"author\":{\"@id\":\"https:\\\/\\\/www.webwise.ie\\\/ga\\\/#\\\/schema\\\/person\\\/2aebf6c758ede44564a52c2108c29bc8\"},\"description\":\"C\u00e9 gur rud t\u00e1bhachtach \u00e9 clo\u00ed le treoirl\u00ednte do scoile maidir le Covid-19, is ioma\u00ed bealach at\u00e1 ann f\u00f3s chun L\u00e1 na S\u00e1bh\u00e1ilteachta Idirl\u00edn a chom\u00f3radh.\",\"breadcrumb\":{\"@id\":\"https:\\\/\\\/www.webwise.ie\\\/ga\\\/la-na-sabhailteachta-idirlin\\\/smaointe-le-haghaidh-la-na-sabhailteachta-idirlin-nach-saraionn-srianta-covid-19\\\/#breadcrumb\"},\"inLanguage\":\"en-GA\",\"potentialAction\":[{\"@type\":\"ReadAction\",\"target\":[\"https:\\\/\\\/www.webwise.ie\\\/ga\\\/la-na-sabhailteachta-idirlin\\\/smaointe-le-haghaidh-la-na-sabhailteachta-idirlin-nach-saraionn-srianta-covid-19\\\/\"]}]},{\"@type\":\"ImageObject\",\"inLanguage\":\"en-GA\",\"@id\":\"https:\\\/\\\/www.webwise.ie\\\/ga\\\/la-na-sabhailteachta-idirlin\\\/smaointe-le-haghaidh-la-na-sabhailteachta-idirlin-nach-saraionn-srianta-covid-19\\\/#primaryimage\",\"url\":\"https:\\\/\\\/www.webwise.ie\\\/wp-content\\\/uploads\\\/2020\\\/11\\\/img2126.png\",\"contentUrl\":\"https:\\\/\\\/www.webwise.ie\\\/wp-content\\\/uploads\\\/2020\\\/11\\\/img2126.png\",\"width\":740,\"height\":360},{\"@type\":\"BreadcrumbList\",\"@id\":\"https:\\\/\\\/www.webwise.ie\\\/ga\\\/la-na-sabhailteachta-idirlin\\\/smaointe-le-haghaidh-la-na-sabhailteachta-idirlin-nach-saraionn-srianta-covid-19\\\/#breadcrumb\",\"itemListElement\":[{\"@type\":\"ListItem\",\"position\":1,\"name\":\"Home\",\"item\":\"https:\\\/\\\/www.webwise.ie\\\/ga\\\/\"},{\"@type\":\"ListItem\",\"position\":2,\"name\":\"Smaointe le haghaidh L\u00e1 na S\u00e1bh\u00e1ilteachta Idirl\u00edn nach s\u00e1ra\u00edonn srianta Covid-19\"}]},{\"@type\":\"WebSite\",\"@id\":\"https:\\\/\\\/www.webwise.ie\\\/ga\\\/#website\",\"url\":\"https:\\\/\\\/www.webwise.ie\\\/ga\\\/\",\"name\":\"Webwise\",\"description\":\"The Irish Internet Safety Awareness Centre\",\"potentialAction\":[{\"@type\":\"SearchAction\",\"target\":{\"@type\":\"EntryPoint\",\"urlTemplate\":\"https:\\\/\\\/www.webwise.ie\\\/ga\\\/?s={search_term_string}\"},\"query-input\":{\"@type\":\"PropertyValueSpecification\",\"valueRequired\":true,\"valueName\":\"search_term_string\"}}],\"inLanguage\":\"en-GA\"},{\"@type\":\"Person\",\"@id\":\"https:\\\/\\\/www.webwise.ie\\\/ga\\\/#\\\/schema\\\/person\\\/2aebf6c758ede44564a52c2108c29bc8\",\"name\":\"catriona2\",\"image\":{\"@type\":\"ImageObject\",\"inLanguage\":\"en-GA\",\"@id\":\"https:\\\/\\\/secure.gravatar.com\\\/avatar\\\/a96c2a42718343462c502cf0c0d73c75dca9b8ff8b21b5f6fc54ebf0b06c40a2?s=96&d=mm&r=g\",\"url\":\"https:\\\/\\\/secure.gravatar.com\\\/avatar\\\/a96c2a42718343462c502cf0c0d73c75dca9b8ff8b21b5f6fc54ebf0b06c40a2?s=96&d=mm&r=g\",\"contentUrl\":\"https:\\\/\\\/secure.gravatar.com\\\/avatar\\\/a96c2a42718343462c502cf0c0d73c75dca9b8ff8b21b5f6fc54ebf0b06c40a2?s=96&d=mm&r=g\",\"caption\":\"catriona2\"},\"url\":\"https:\\\/\\\/www.webwise.ie\\\/ga\\\/author\\\/catriona2\\\/\"}]}<\/script>\n<!-- \/ Yoast SEO plugin. -->","yoast_head_json":{"title":"Smaointe le haghaidh L\u00e1 na S\u00e1bh\u00e1ilteachta Idirl\u00edn nach s\u00e1ra\u00edonn srianta Covid-19 L\u00e1 na S\u00e1bh\u00e1ilteachta Idirl\u00edn","description":"C\u00e9 gur rud t\u00e1bhachtach \u00e9 clo\u00ed le treoirl\u00ednte do scoile maidir le Covid-19, is ioma\u00ed bealach at\u00e1 ann f\u00f3s chun L\u00e1 na S\u00e1bh\u00e1ilteachta Idirl\u00edn a chom\u00f3radh.","robots":{"index":"index","follow":"follow","max-snippet":"max-snippet:-1","max-image-preview":"max-image-preview:large","max-video-preview":"max-video-preview:-1"},"canonical":"https:\/\/www.webwise.ie\/ga\/la-na-sabhailteachta-idirlin\/smaointe-le-haghaidh-la-na-sabhailteachta-idirlin-nach-saraionn-srianta-covid-19\/","og_locale":"en_US","og_type":"article","og_title":"Smaointe le haghaidh L\u00e1 na S\u00e1bh\u00e1ilteachta Idirl\u00edn nach s\u00e1ra\u00edonn srianta Covid-19 L\u00e1 na S\u00e1bh\u00e1ilteachta Idirl\u00edn","og_description":"C\u00e9 gur rud t\u00e1bhachtach \u00e9 clo\u00ed le treoirl\u00ednte do scoile maidir le Covid-19, is ioma\u00ed bealach at\u00e1 ann f\u00f3s chun L\u00e1 na S\u00e1bh\u00e1ilteachta Idirl\u00edn a chom\u00f3radh.","og_url":"https:\/\/www.webwise.ie\/ga\/la-na-sabhailteachta-idirlin\/smaointe-le-haghaidh-la-na-sabhailteachta-idirlin-nach-saraionn-srianta-covid-19\/","og_site_name":"Webwise.ie","article_publisher":"https:\/\/www.facebook.com\/Webwise\/","article_published_time":"2020-11-30T10:45:10+00:00","article_modified_time":"2020-11-30T10:45:14+00:00","og_image":[{"width":740,"height":360,"url":"https:\/\/www.webwise.ie\/wp-content\/uploads\/2020\/11\/img2126.png","type":"image\/png"}],"author":"catriona2","twitter_misc":{"Written by":"catriona2","Est. reading time":"16 minutes"},"schema":{"@context":"https:\/\/schema.org","@graph":[{"@type":"Article","@id":"https:\/\/www.webwise.ie\/ga\/la-na-sabhailteachta-idirlin\/smaointe-le-haghaidh-la-na-sabhailteachta-idirlin-nach-saraionn-srianta-covid-19\/#article","isPartOf":{"@id":"https:\/\/www.webwise.ie\/ga\/la-na-sabhailteachta-idirlin\/smaointe-le-haghaidh-la-na-sabhailteachta-idirlin-nach-saraionn-srianta-covid-19\/"},"author":{"name":"catriona2","@id":"https:\/\/www.webwise.ie\/ga\/#\/schema\/person\/2aebf6c758ede44564a52c2108c29bc8"},"headline":"Smaointe le haghaidh L\u00e1 na S\u00e1bh\u00e1ilteachta Idirl\u00edn nach s\u00e1ra\u00edonn srianta Covid-19","datePublished":"2020-11-30T10:45:10+00:00","dateModified":"2020-11-30T10:45:14+00:00","mainEntityOfPage":{"@id":"https:\/\/www.webwise.ie\/ga\/la-na-sabhailteachta-idirlin\/smaointe-le-haghaidh-la-na-sabhailteachta-idirlin-nach-saraionn-srianta-covid-19\/"},"wordCount":3242,"image":{"@id":"https:\/\/www.webwise.ie\/ga\/la-na-sabhailteachta-idirlin\/smaointe-le-haghaidh-la-na-sabhailteachta-idirlin-nach-saraionn-srianta-covid-19\/#primaryimage"},"thumbnailUrl":"https:\/\/www.webwise.ie\/wp-content\/uploads\/2020\/11\/img2126.png","keywords":["L\u00e1 na S\u00e1bh\u00e1ilteachta Idirl\u00edn","L\u00e1 na S\u00e1bh\u00e1ilteachta Idirl\u00edn","SID2021","Smaointe le haghaidh L\u00e1 na S\u00e1bh\u00e1ilteachta Idirl\u00edn (SID)"],"articleSection":["L\u00e1 na S\u00e1bh\u00e1ilteachta Idirl\u00edn","Treocht"],"inLanguage":"en-GA"},{"@type":"WebPage","@id":"https:\/\/www.webwise.ie\/ga\/la-na-sabhailteachta-idirlin\/smaointe-le-haghaidh-la-na-sabhailteachta-idirlin-nach-saraionn-srianta-covid-19\/","url":"https:\/\/www.webwise.ie\/ga\/la-na-sabhailteachta-idirlin\/smaointe-le-haghaidh-la-na-sabhailteachta-idirlin-nach-saraionn-srianta-covid-19\/","name":"Smaointe le haghaidh L\u00e1 na S\u00e1bh\u00e1ilteachta Idirl\u00edn nach s\u00e1ra\u00edonn srianta Covid-19 L\u00e1 na S\u00e1bh\u00e1ilteachta Idirl\u00edn","isPartOf":{"@id":"https:\/\/www.webwise.ie\/ga\/#website"},"primaryImageOfPage":{"@id":"https:\/\/www.webwise.ie\/ga\/la-na-sabhailteachta-idirlin\/smaointe-le-haghaidh-la-na-sabhailteachta-idirlin-nach-saraionn-srianta-covid-19\/#primaryimage"},"image":{"@id":"https:\/\/www.webwise.ie\/ga\/la-na-sabhailteachta-idirlin\/smaointe-le-haghaidh-la-na-sabhailteachta-idirlin-nach-saraionn-srianta-covid-19\/#primaryimage"},"thumbnailUrl":"https:\/\/www.webwise.ie\/wp-content\/uploads\/2020\/11\/img2126.png","datePublished":"2020-11-30T10:45:10+00:00","dateModified":"2020-11-30T10:45:14+00:00","author":{"@id":"https:\/\/www.webwise.ie\/ga\/#\/schema\/person\/2aebf6c758ede44564a52c2108c29bc8"},"description":"C\u00e9 gur rud t\u00e1bhachtach \u00e9 clo\u00ed le treoirl\u00ednte do scoile maidir le Covid-19, is ioma\u00ed bealach at\u00e1 ann f\u00f3s chun L\u00e1 na S\u00e1bh\u00e1ilteachta Idirl\u00edn a chom\u00f3radh.","breadcrumb":{"@id":"https:\/\/www.webwise.ie\/ga\/la-na-sabhailteachta-idirlin\/smaointe-le-haghaidh-la-na-sabhailteachta-idirlin-nach-saraionn-srianta-covid-19\/#breadcrumb"},"inLanguage":"en-GA","potentialAction":[{"@type":"ReadAction","target":["https:\/\/www.webwise.ie\/ga\/la-na-sabhailteachta-idirlin\/smaointe-le-haghaidh-la-na-sabhailteachta-idirlin-nach-saraionn-srianta-covid-19\/"]}]},{"@type":"ImageObject","inLanguage":"en-GA","@id":"https:\/\/www.webwise.ie\/ga\/la-na-sabhailteachta-idirlin\/smaointe-le-haghaidh-la-na-sabhailteachta-idirlin-nach-saraionn-srianta-covid-19\/#primaryimage","url":"https:\/\/www.webwise.ie\/wp-content\/uploads\/2020\/11\/img2126.png","contentUrl":"https:\/\/www.webwise.ie\/wp-content\/uploads\/2020\/11\/img2126.png","width":740,"height":360},{"@type":"BreadcrumbList","@id":"https:\/\/www.webwise.ie\/ga\/la-na-sabhailteachta-idirlin\/smaointe-le-haghaidh-la-na-sabhailteachta-idirlin-nach-saraionn-srianta-covid-19\/#breadcrumb","itemListElement":[{"@type":"ListItem","position":1,"name":"Home","item":"https:\/\/www.webwise.ie\/ga\/"},{"@type":"ListItem","position":2,"name":"Smaointe le haghaidh L\u00e1 na S\u00e1bh\u00e1ilteachta Idirl\u00edn nach s\u00e1ra\u00edonn srianta Covid-19"}]},{"@type":"WebSite","@id":"https:\/\/www.webwise.ie\/ga\/#website","url":"https:\/\/www.webwise.ie\/ga\/","name":"Webwise","description":"The Irish Internet Safety Awareness Centre","potentialAction":[{"@type":"SearchAction","target":{"@type":"EntryPoint","urlTemplate":"https:\/\/www.webwise.ie\/ga\/?s={search_term_string}"},"query-input":{"@type":"PropertyValueSpecification","valueRequired":true,"valueName":"search_term_string"}}],"inLanguage":"en-GA"},{"@type":"Person","@id":"https:\/\/www.webwise.ie\/ga\/#\/schema\/person\/2aebf6c758ede44564a52c2108c29bc8","name":"catriona2","image":{"@type":"ImageObject","inLanguage":"en-GA","@id":"https:\/\/secure.gravatar.com\/avatar\/a96c2a42718343462c502cf0c0d73c75dca9b8ff8b21b5f6fc54ebf0b06c40a2?s=96&d=mm&r=g","url":"https:\/\/secure.gravatar.com\/avatar\/a96c2a42718343462c502cf0c0d73c75dca9b8ff8b21b5f6fc54ebf0b06c40a2?s=96&d=mm&r=g","contentUrl":"https:\/\/secure.gravatar.com\/avatar\/a96c2a42718343462c502cf0c0d73c75dca9b8ff8b21b5f6fc54ebf0b06c40a2?s=96&d=mm&r=g","caption":"catriona2"},"url":"https:\/\/www.webwise.ie\/ga\/author\/catriona2\/"}]}},"spectra_custom_meta":{"_encloseme":["1"],"_wpml_word_count":["{\"total\":0,\"to_translate\":{\"en\":24,\"ga\":24}}"],"_wpml_media_duplicate":["1"],"_wpml_media_featured":["1"],"_yoast_wpseo_primary_category":["615"],"_top_nav_excluded":[""],"_cms_nav_minihome":[""],"_yoast_wpseo_title":["%%title%% %%page%% %%primary_category%%"],"_yoast_wpseo_metadesc":["C\u00e9 gur rud t\u00e1bhachtach \u00e9 clo\u00ed le treoirl\u00ednte do scoile maidir le Covid-19, is ioma\u00ed bealach at\u00e1 ann f\u00f3s chun L\u00e1 na S\u00e1bh\u00e1ilteachta Idirl\u00edn a chom\u00f3radh."],"_yoast_wpseo_focuskw":["Covid-19"],"_wpb_shortcodes_custom_css":[".vc_custom_1604351420805{padding-bottom: 20px !important;}.vc_custom_1604670133321{border-top-width: 6px !important;background-color: #f4f4f4 !important;border-top-color: #999999 !important;border-top-style: solid !important;border-radius: 5px !important;}.vc_custom_1604669346500{padding-bottom: 20px !important;}.vc_custom_1604401615041{padding-top: 20px !important;padding-bottom: 20px !important;}.vc_custom_1604403887762{padding-top: 10px !important;padding-left: 40px !important;}.vc_custom_1604401615041{padding-top: 20px !important;padding-bottom: 20px !important;}.vc_custom_1604403904617{padding-top: 10px !important;padding-left: 40px !important;}.vc_custom_1604505580156{padding-top: 5px !important;}.vc_custom_1604401615041{padding-top: 20px !important;padding-bottom: 20px !important;}.vc_custom_1604403964181{padding-top: 10px !important;padding-left: 40px !important;}.vc_custom_1604401615041{padding-top: 20px !important;padding-bottom: 20px !important;}.vc_custom_1604403982351{padding-top: 10px !important;padding-left: 40px !important;}.vc_custom_1604670062857{padding-top: 10px !important;}.vc_custom_1604401615041{padding-top: 20px !important;padding-bottom: 20px !important;}.vc_custom_1604404010583{padding-top: 10px !important;padding-left: 40px !important;}.vc_custom_1604401615041{padding-top: 20px !important;padding-bottom: 20px !important;}.vc_custom_1604405628862{padding-top: 10px !important;padding-left: 40px !important;}.vc_custom_1604401615041{padding-top: 20px !important;padding-bottom: 20px !important;}.vc_custom_1604406009068{padding-top: 10px !important;padding-left: 40px !important;}.vc_custom_1604401615041{padding-top: 20px !important;padding-bottom: 20px !important;}.vc_custom_1604406771288{padding-top: 10px !important;padding-left: 40px !important;}.vc_custom_1604401615041{padding-top: 20px !important;padding-bottom: 20px !important;}.vc_custom_1604406956568{padding-top: 10px !important;padding-left: 40px !important;}.vc_custom_1604401615041{padding-top: 20px !important;padding-bottom: 20px !important;}.vc_custom_1604407381054{padding-top: 10px !important;padding-left: 40px !important;}.vc_custom_1604401615041{padding-top: 20px !important;padding-bottom: 20px !important;}.vc_custom_1604407625220{padding-top: 10px !important;padding-left: 40px !important;}.vc_custom_1604401615041{padding-top: 20px !important;padding-bottom: 20px !important;}.vc_custom_1604407735215{padding-top: 10px !important;padding-left: 40px !important;}.vc_custom_1604671136544{padding-top: 20px !important;}.vc_custom_1604670585655{padding-top: 20px !important;}.vc_custom_1604670238399{padding-top: 20px !important;}"],"_thumbnail_id":["33540"],"_last_translation_edit_mode":["translation-editor"],"_edit_lock":["1625650086:365"],"_short_title":["field_588b54d9edbd0"],"_wpb_shortcodes_custom_css_updated":["1"],"_wpb_shortcodes_default_css":[".vc_do_custom_heading{margin-bottom:0.625rem;margin-top:0;}.vc_do_icon{margin-bottom:35px;}.vc_do_custom_heading{margin-bottom:0.625rem;margin-top:0;}.vc_do_icon{margin-bottom:35px;}.vc_do_btn{margin-bottom:22px;}.vc_do_btn{margin-bottom:22px;}"],"_wpb_shortcodes_default_css_updated":["1"]},"uagb_featured_image_src":{"full":["https:\/\/www.webwise.ie\/wp-content\/uploads\/2020\/11\/img2126.png",740,360,false],"thumbnail":["https:\/\/www.webwise.ie\/wp-content\/uploads\/2020\/11\/img2126-190x190.png",190,190,true],"medium":["https:\/\/www.webwise.ie\/wp-content\/uploads\/2020\/11\/img2126-300x146.png",300,146,true],"medium_large":["https:\/\/www.webwise.ie\/wp-content\/uploads\/2020\/11\/img2126.png",640,311,false],"large":["https:\/\/www.webwise.ie\/wp-content\/uploads\/2020\/11\/img2126.png",640,311,false],"listing-thumbnail":["https:\/\/www.webwise.ie\/wp-content\/uploads\/2020\/11\/img2126.png",740,360,false],"listing-location-thumbnail":["https:\/\/www.webwise.ie\/wp-content\/uploads\/2020\/11\/img2126-150x150.png",150,150,true],"1536x1536":["https:\/\/www.webwise.ie\/wp-content\/uploads\/2020\/11\/img2126.png",740,360,false],"2048x2048":["https:\/\/www.webwise.ie\/wp-content\/uploads\/2020\/11\/img2126.png",740,360,false],"gform-image-choice-sm":["https:\/\/www.webwise.ie\/wp-content\/uploads\/2020\/11\/img2126.png",300,146,false],"gform-image-choice-md":["https:\/\/www.webwise.ie\/wp-content\/uploads\/2020\/11\/img2126.png",400,195,false],"gform-image-choice-lg":["https:\/\/www.webwise.ie\/wp-content\/uploads\/2020\/11\/img2126.png",600,292,false]},"uagb_author_info":{"display_name":"catriona2","author_link":"https:\/\/www.webwise.ie\/ga\/author\/catriona2\/"},"uagb_comment_info":0,"uagb_excerpt":"[vc_row row_type=&#8221;row&#8221; use_row_as_full_screen_section=&#8221;no&#8221; type=&#8221;full_width&#8221; text_align=&#8221;left&#8221; background_animation=&#8221;none&#8221; css_animation=&#8221;&#8221; css=&#8221;.vc_custom_1604351420805{padding-bottom: 20px !important;}&#8221;][vc_column][vc_single_image image=&#8221;33556&#8243; img_size=&#8221;large&#8221; qode_css_animation=&#8221;&#8221; css=&#8221;.vc_custom_1604669346500{padding-bottom: 20px !important;}&#8221;][vc_column_text] C\u00e9 go bhfuil gn\u00edomha\u00edochta\u00ed [&hellip;]","_links":{"self":[{"href":"https:\/\/www.webwise.ie\/ga\/wp-json\/wp\/v2\/posts\/34012","targetHints":{"allow":["GET"]}}],"collection":[{"href":"https:\/\/www.webwise.ie\/ga\/wp-json\/wp\/v2\/posts"}],"about":[{"href":"https:\/\/www.webwise.ie\/ga\/wp-json\/wp\/v2\/types\/post"}],"author":[{"embeddable":true,"href":"https:\/\/www.webwise.ie\/ga\/wp-json\/wp\/v2\/users\/365"}],"replies":[{"embeddable":true,"href":"https:\/\/www.webwise.ie\/ga\/wp-json\/wp\/v2\/comments?post=34012"}],"version-history":[{"count":4,"href":"https:\/\/www.webwise.ie\/ga\/wp-json\/wp\/v2\/posts\/34012\/revisions"}],"predecessor-version":[{"id":34017,"href":"https:\/\/www.webwise.ie\/ga\/wp-json\/wp\/v2\/posts\/34012\/revisions\/34017"}],"wp:featuredmedia":[{"embeddable":true,"href":"https:\/\/www.webwise.ie\/ga\/wp-json\/wp\/v2\/media\/33540"}],"wp:attachment":[{"href":"https:\/\/www.webwise.ie\/ga\/wp-json\/wp\/v2\/media?parent=34012"}],"wp:term":[{"taxonomy":"category","embeddable":true,"href":"https:\/\/www.webwise.ie\/ga\/wp-json\/wp\/v2\/categories?post=34012"},{"taxonomy":"post_tag","embeddable":true,"href":"https:\/\/www.webwise.ie\/ga\/wp-json\/wp\/v2\/tags?post=34012"}],"curies":[{"name":"wp","href":"https:\/\/api.w.org\/{rel}","templated":true}]}}