{"id":8437,"date":"2015-05-26T10:15:10","date_gmt":"2015-05-26T10:15:10","guid":{"rendered":"http:\/\/test.webwise.ie\/parents\/do-phriobhaideachas-a-chosaint-ar-9-lionra-shoisialta-moreilimh\/"},"modified":"2015-05-27T08:45:40","modified_gmt":"2015-05-27T08:45:40","slug":"do-phriobhaideachas-a-chosaint-ar-9-lionra-shoisialta-moreilimh","status":"publish","type":"post","link":"https:\/\/www.webwise.ie\/ga\/muinteoiri-ga\/do-phriobhaideachas-a-chosaint-ar-9-lionra-shoisialta-moreilimh\/","title":{"rendered":"Do phr\u00edobh\u00e1ideachas a chosaint ar 9 l\u00edonra sh\u00f3isialta m\u00f3r\u00e9ilimh"},"content":{"rendered":"<p><a href=\"https:\/\/www.webwise.ie\/wp-content\/uploads\/2014\/05\/InternetFileteringCrop1.jpg\"><img loading=\"lazy\" decoding=\"async\" class=\"alignnone size-full wp-image-1476\" src=\"https:\/\/www.webwise.ie\/wp-content\/uploads\/2014\/05\/InternetFileteringCrop1.jpg\" alt=\"pr\u00edobh\u00e1ideachas\" width=\"620\" height=\"300\" srcset=\"https:\/\/www.webwise.ie\/wp-content\/uploads\/2014\/05\/InternetFileteringCrop1.jpg 620w, https:\/\/www.webwise.ie\/wp-content\/uploads\/2014\/05\/InternetFileteringCrop1-300x145.jpg 300w\" sizes=\"auto, (max-width: 620px) 100vw, 620px\" \/><\/a><\/p>\n<h3><strong>Socruithe pr\u00edobh\u00e1ideachais ar sheirbh\u00eds\u00ed l\u00edonraithe s\u00f3isialta<\/strong><\/h3>\n<p>Sp\u00e1s pearsanta agus poibl\u00ed araon iad na me\u00e1in sh\u00f3isialta, rud a chuireann roinnt d\u00fashl\u00e1n roimh mh\u00fainteoir\u00ed \u00f3 thaobh gairme agus cl\u00fa de. T\u00e1 comhad f\u00edric\u00ed i dtaobh pr\u00edobh\u00e1ideachais curtha i dtoll a ch\u00e9ile againn maidir le naoi gcinn de na l\u00edonra\u00ed s\u00f3isialta is coitianta chun cabhr\u00fa leat bainist\u00edocht a dh\u00e9anamh ar an d\u00f3igh a bhfeictear ar l\u00edne th\u00fa.<\/p>\n<p>Cuirimid s\u00edos ar na socruithe pr\u00edobh\u00e1ideachais a r\u00e9amhshocra\u00edonn gach seirbh\u00eds agus cuirimid in i\u00fal duit c\u00e9 acu an bhfuil n\u00f3 nach bhfuil an t-eolas a roinneann t\u00fa ann poibl\u00ed n\u00f3 inchuardaithe ar innill chuardaigh. Leagaimid b\u00e9im freisin ar na gn\u00e9ithe den l\u00edonra s\u00f3isialta a d\u2019fh\u00e9adfadh a bheith ina n-\u00e1bhar imn\u00ed ar leith do mh\u00fainteoir\u00ed agus tugaimid leideanna praitici\u00fala f\u00fathu.<\/p>\n<h3>Seirbh\u00eds\u00ed l\u00edonraithe s\u00f3isialta oscailte agus d\u00fanta<\/h3>\n<p>Le sc\u00e9al gairid a dh\u00e9anamh de, measaimid go bhfuil dh\u00e1 chine\u00e1l l\u00edonra s\u00f3isialta ann &#8211; l\u00edonra\u00ed oscailte agus l\u00edonra\u00ed d\u00fanta:<\/p>\n<ul>\n<li>T\u00e1 l\u00edonra\u00ed oscailte ar n\u00f3s Twitter, Instagram agus Pinterest d\u00e9anta sa d\u00f3igh gur f\u00e9idir leat cumars\u00e1id a dh\u00e9anamh leis an domhan m\u00f3r. N\u00edl s\u00e9 \u00e9asca srian a chur ar na daoine ar f\u00e9idir leo breathn\u00fa ar do chuid post\u00e1lacha, c\u00e9 go bhfuil smacht \u00e9igin agat air. Go ginear\u00e1lta mar sin, ba ch\u00f3ir duit talamh sl\u00e1n a dh\u00e9anamh de gur f\u00e9idir leis an domhan m\u00f3r breathn\u00fa ar gach rud a phost\u00e1lann t\u00fa ann, ar gach rud a deir t\u00fa gur maith leat n\u00f3 gur fearr leat, agus ar gach duine lena bhfuil t\u00fa ceangailte tr\u00edd.<\/li>\n<\/ul>\n<ul>\n<li>Is l\u00edonra\u00ed d\u00fanta iad WhatsApp agus Snapchat, agus Facebook freisin go pointe, a mbaineann gr\u00fapa\u00ed cairde n\u00f3 teagmh\u00e1laithe \u00fas\u00e1id astu chun tuairim\u00ed, grianghraif agus an t-eolas is \u00faire f\u00fathu f\u00e9in a roinnt lena ch\u00e9ile. N\u00edl teacht ag an domhan m\u00f3r ar an gcuid is m\u00f3 den \u00e1bhar a phost\u00e1lann t\u00fa ar na l\u00edonra\u00ed s\u00f3isialta sin, ach t\u00e1 ar chuid de. M\u00e1 roinneann t\u00fa faisn\u00e9is phearsanta i sp\u00e1sanna poibl\u00ed de thaisme, d\u2019fh\u00e9adfadh tortha\u00ed tromch\u00faiseacha a bheith air. Is g\u00e1 duit airdeall ar leith a choinne\u00e1il ar an d\u00f3igh a n-\u00fas\u00e1ideann t\u00fa na l\u00edonra\u00ed sin.<\/li>\n<\/ul>\n<p>T\u00e1 s\u00e9 t\u00e1bhachtach cuimhneamh, a luaithe is a phost\u00e1lann t\u00fa rud \u00e9igin, go gcailleann t\u00fa smacht ar na daoine a fheicfidh \u00e9 agus a thiocfaidh ar an bhfaisn\u00e9is ann, cuma c\u00e9 chomh hoscailte n\u00f3 d\u00fanta a cheapann t\u00fa an tseirbh\u00eds l\u00edonraithe s\u00f3isialta sin a bheith. T\u00e1 s\u00e9 f\u00edor\u00e9asca rud ar bith a ch\u00f3ipe\u00e1il agus a roinnt ar\u00eds i bhfoirm dhigiteach.<\/p>\n<h3><a href=\"https:\/\/www.webwise.ie\/wp-content\/uploads\/2015\/03\/Facebook_logo_square.png\"><img loading=\"lazy\" decoding=\"async\" class=\" wp-image-8305 alignright\" src=\"https:\/\/www.webwise.ie\/wp-content\/uploads\/2015\/03\/Facebook_logo_square-300x300.png\" alt=\"pr\u00edobh\u00e1ideachas\" width=\"200\" height=\"200\" srcset=\"https:\/\/www.webwise.ie\/wp-content\/uploads\/2015\/03\/Facebook_logo_square-300x300.png 300w, https:\/\/www.webwise.ie\/wp-content\/uploads\/2015\/03\/Facebook_logo_square.png 960w\" sizes=\"auto, (max-width: 200px) 100vw, 200px\" \/><\/a>Comhad f\u00edric\u00ed maidir le pr\u00edobh\u00e1ideachas ar Facebook<\/h3>\n<p><strong>Cine\u00e1l l\u00edonra s\u00f3isialta:\u00a0<\/strong>D\u00fanta<\/p>\n<p><strong>Socruithe pr\u00edobh\u00e1ideachais r\u00e9amhshocraithe:\u00a0<\/strong>Nuair a chuireann \u00fas\u00e1ideoir nua post\u00e1il suas ar Facebook, d\u00e9antar \u00ed a roinnt le cairde an \u00fas\u00e1ideora agus leo sin amh\u00e1in de r\u00e9ir r\u00e9amhshocraithe. Ach t\u00e1 cuid mhaith gn\u00edomha\u00edochta eile ar Facebook (faisn\u00e9is phearsanta, liosta cairde agus nithe is maith leis an \u00fas\u00e1ideoir) le feice\u00e1il go poibl\u00ed de r\u00e9ir r\u00e9amhshocraithe.<\/p>\n<p><strong>Faisn\u00e9is a bheidh\u00a0poibl\u00ed i gc\u00f3na\u00ed:\u00a0<\/strong>Beidh do phicti\u00far pr\u00f3if\u00edle agus d\u2019ainm le feice\u00e1il go poibl\u00ed i gc\u00f3na\u00ed, cuma c\u00e9 na socruithe pr\u00edobh\u00e1ideachais at\u00e1 agat. M\u00e1s ball d\u2019aon l\u00edonra n\u00f3 d\u2019aon ghr\u00fapa poibl\u00ed th\u00fa, beidh s\u00e9 sin poibl\u00ed freisin.<\/p>\n<p><strong>C\u00e9r f\u00e9idir leis th\u00fa a aimsi\u00fa?\u00a0<\/strong>B\u00edonn t\u00fa inchuardaithe i gc\u00f3na\u00ed taobh istigh de Facebook M\u00e1 t\u00e1 d\u2019ainm ar eolas ag duine, beidh s\u00e9\/s\u00ed in ann th\u00fa a aimsi\u00fa. T\u00e1 s\u00e9 de rogha agat gan do phr\u00f3if\u00edl a bheith liostaithe i dtortha\u00ed inneall cuardaigh. Is \u00e9 an r\u00e9amhshocr\u00fa \u00e1fach go bhfuil do phr\u00f3if\u00edl san \u00e1ireamh i dtortha\u00ed cuardaigh.<\/p>\n<p><strong>Leideanna do mh\u00fainteoir\u00ed ar Facebook: <\/strong><a href=\"\/?p=8223\">F\u00e9ach ar do phr\u00f3if\u00edl faoi mar a fheiceann an pobal m\u00f3r \u00ed<\/a>\u00a0le seice\u00e1il nach bhfuil an iomarca faisn\u00e9ise \u00e1 roinnt agat. \u00d3s rud \u00e9 go mb\u00edonn do phicti\u00fair phr\u00f3if\u00edle agus chl\u00fadaigh le feice\u00e1il go poibl\u00ed i gc\u00f3na\u00ed, t\u00e1 s\u00e9 t\u00e1bhachtach go n-oireann siad don lucht f\u00e9achana sin. \u00a0M\u00e1 t\u00e1 imn\u00ed ort go roinnfidh t\u00fa an iomarca faisn\u00e9ise, athraigh socruithe pr\u00edobh\u00e1ideachais agus lucht f\u00e9achana do chuid post\u00e1lacha. Ba ch\u00f3ir duit na socruithe pr\u00edobh\u00e1ideachais le haghaidh na ruda\u00ed a deir t\u00fa gur maith leat a sheice\u00e1il freisin. N\u00ed bheife\u00e1 ag iarraidh go bhfeicfeadh do mhic l\u00e9inn gur sp\u00e9is leat snorcl\u00e1il phortaigh \u00c1rann a dh\u00e9anamh i do chraiceann dearg, cuir i gc\u00e1s.<\/p>\n<p>N\u00edl aon riail dhocht ann maidir le dalta\u00ed a bheith ina gcairde leat ar Facebook. Ba ch\u00f3ir do mh\u00fainteoir\u00ed seice\u00e1il le lucht bainist\u00edochta na scoile mura bhfuil siad cinnte faoin bpolasa\u00ed scoile. N\u00ed thugann an <a href=\"https:\/\/www.webwise.ie\/ga\/muinteoiri\/comhairle-do-mhuinteoiri-maidir-le-lionru-soisialta-2\/\">Chomhairle M\u00fainteoireachta sainchomhairle ina thaobh seo<\/a>, ach iarrann siad ar mh\u00fainteoir\u00ed a \u201cchinnti\u00fa go mb\u00edonn cumars\u00e1id ar bith le dalta\u00ed n\u00f3 mic l\u00e9inn, comhghleacaithe, m\u00fainteoir\u00ed, lucht bainist\u00edochta na scoile agus daoine eile iomchu\u00ed, lena n-\u00e1ir\u00edtear cumars\u00e1id tr\u00ed na me\u00e1in leictreonacha, ar n\u00f3s r\u00edomhphoist, t\u00e9acs\u00e1la agus su\u00edomhanna l\u00edonraithe sh\u00f3isialta\u201d.<\/p>\n<p>N\u00e1 b\u00ed ag post\u00e1il faoi ch\u00farsa\u00ed scoile ar Facebook. Go ginear\u00e1lta, n\u00ed ceart a bheith ag caint faoi dhalta\u00ed, faoi thuismitheoir\u00ed n\u00e1 faoi chomhghleacaithe i bhf\u00f3ram poibl\u00ed. D\u2019fh\u00e9adfadh s\u00e9 sin droch-chl\u00fa a tharraingt ar an scoil agus\u00a0triobl\u00f3id cheart a tharraingt ort f\u00e9in.<\/p>\n<h3><a href=\"https:\/\/www.webwise.ie\/wp-content\/uploads\/2015\/03\/twitter-312464_640.png\"><img loading=\"lazy\" decoding=\"async\" class=\" wp-image-8307 alignright\" src=\"https:\/\/www.webwise.ie\/wp-content\/uploads\/2015\/03\/twitter-312464_640-300x244.png\" alt=\"pr\u00edobh\u00e1ideachas\" width=\"200\" height=\"163\" srcset=\"https:\/\/www.webwise.ie\/wp-content\/uploads\/2015\/03\/twitter-312464_640-300x244.png 300w, https:\/\/www.webwise.ie\/wp-content\/uploads\/2015\/03\/twitter-312464_640-220x180.png 220w, https:\/\/www.webwise.ie\/wp-content\/uploads\/2015\/03\/twitter-312464_640.png 640w\" sizes=\"auto, (max-width: 200px) 100vw, 200px\" \/><\/a>Comhad f\u00edric\u00ed maidir le pr\u00edobh\u00e1ideachas ar Twitter<\/h3>\n<p><strong>Cine\u00e1l l\u00edonra s\u00f3isialta:\u00a0<\/strong>Oscailte<\/p>\n<p><strong>Socruithe pr\u00edobh\u00e1ideachais r\u00e9amhshocraithe:\u00a0<\/strong>T\u00e1 gach rud poibl\u00ed! T\u00e1 d\u2019ainm, d\u2019ainm \u00fas\u00e1ideora, post\u00e1lacha agus picti\u00far do phr\u00f3if\u00edle, an t-am a sheolann t\u00fa tvu\u00edteanna agus na nithe a deir t\u00fa gur fearr leat uile le feice\u00e1il go poibl\u00ed. Tarla\u00edonn s\u00e9 sin go huathoibr\u00edoch. N\u00edl d\u2019eisceacht air sin ach do sheoladh r\u00edomhphoist agus aon teachtaireachta\u00ed a sheolann t\u00fa go d\u00edreach chuig \u00fas\u00e1ideoir eile, a choinn\u00edtear pr\u00edobh\u00e1ideach.<\/p>\n<p><strong>Faisn\u00e9is a bheidh\u00a0poibl\u00ed i gc\u00f3na\u00ed:\u00a0<\/strong>Is ruda\u00ed poibl\u00ed i gc\u00f3na\u00ed iad d\u2019ainm, d\u2019ainm \u00fas\u00e1ideora, do phicti\u00fair phr\u00f3if\u00edle agus chl\u00fadaigh, do bheathaisn\u00e9is\u00edn agus an \u00e1it a bhfuil t\u00fa, mar aon leis an l\u00edon leant\u00f3ir\u00ed, tvu\u00edteanna, agus nithe is fearr leat at\u00e1 agat.<\/p>\n<p><strong>C\u00e9r f\u00e9idir leis th\u00fa a aimsi\u00fa?\u00a0<\/strong>B\u00edonn t\u00fa inchuardaithe i gc\u00f3na\u00ed taobh istigh de Twitter, fi\u00fa m\u00e1 t\u00e1 cuntas faoi chosaint agat. Anuas air sin, n\u00edl bealach ar bith ann le cosc a chur ar innill chuardaigh nascadh le do chuntas, c\u00e9 nach mbeidh teacht ag an bpobal ar na tvu\u00edteanna leat at\u00e1 faoi chosaint. \u00d3 mh\u00ed Feabhra 2015 ar aghaidh, beidh tvu\u00edteanna n\u00edos feice\u00e1la\u00ed i gcuardaigh Google.<\/p>\n<p><strong>Leideanna do mh\u00fainteoir\u00ed ar Twitter:\u00a0<\/strong>Chun srian a chur ar na daoine a bheidh \u00e1balta do chuid tvu\u00edteanna a fheice\u00e1il, f\u00e9adfaidh t\u00fa na socruithe a athr\u00fa sa d\u00f3igh is go mbeidh do chuntas Twitter faoi chosaint agus deis agatsa cead a thabhairt do dhaoine \u00e1irithe th\u00fa a lean\u00faint.\u00a0Mar sin f\u00e9in, is f\u00e9idir le duine ar bith th\u00fa a lua i tvu\u00edt, fi\u00fa m\u00e1 t\u00e1 do chuntas faoi chosaint. M\u00e1 chuir t\u00fa tvu\u00edteanna amach sular chosain t\u00fa do chuntas, is f\u00e9idir iad sin a aimsi\u00fa go f\u00f3ill ar Google.<\/p>\n<p>Is smaoineamh maith \u00e9 seice\u00e1il a dh\u00e9anamh go rialta c\u00e9 at\u00e1 do do lean\u00faint. N\u00e1 lean daoine eile d\u00edreach ar an \u00e1bhar gur lean siadsan thusa. Is ioma\u00ed duine com\u00f3rtha\/mainic\u00edn leathanach a tr\u00ed a sheolfaidh turscar chugat ach a bhfaighidh siad an deis! Cuimhnigh gur f\u00e9idir leat daoine a bhloc\u00e1il m\u00e1 t\u00e1 t\u00fa m\u00edshuaimhneach leo a bheith do do lean\u00faint ar Twitter.<\/p>\n<h3><a href=\"https:\/\/www.webwise.ie\/wp-content\/uploads\/2015\/03\/Instagram.jpg\"><img loading=\"lazy\" decoding=\"async\" class=\" wp-image-8309 alignright\" src=\"https:\/\/www.webwise.ie\/wp-content\/uploads\/2015\/03\/Instagram-300x300.jpg\" alt=\"pr\u00edobh\u00e1ideachas\" width=\"200\" height=\"200\" srcset=\"https:\/\/www.webwise.ie\/wp-content\/uploads\/2015\/03\/Instagram-300x300.jpg 300w, https:\/\/www.webwise.ie\/wp-content\/uploads\/2015\/03\/Instagram.jpg 1000w\" sizes=\"auto, (max-width: 200px) 100vw, 200px\" \/><\/a>Comhad f\u00edric\u00ed maidir le pr\u00edobh\u00e1ideachas ar\u00a0Instagram<\/h3>\n<p><strong>Cine\u00e1l l\u00edonra s\u00f3isialta:\u00a0<\/strong>Oscailte<\/p>\n<p><strong>Socruithe pr\u00edobh\u00e1ideachais r\u00e9amhshocraithe:\u00a0<\/strong>Cuntas poibl\u00ed de r\u00e9ir r\u00e9amhshocraithe. Cialla\u00edonn s\u00e9 sin go bhf\u00e9adfadh duine ar bith breathn\u00fa ar d\u2019ainm \u00fas\u00e1ideora agus ar do chuid grianghraf mar r\u00e9amhshocr\u00fa.<\/p>\n<p><strong>Faisn\u00e9is a bheidh\u00a0poibl\u00ed i gc\u00f3na\u00ed:\u00a0<\/strong>Beidh do phicti\u00far pr\u00f3if\u00edle agus d\u2019ainm \u00fas\u00e1ideora le feice\u00e1il go poibl\u00ed i gc\u00f3na\u00ed. M\u00e1 roghna\u00edonn t\u00fa ainm agus beathaisn\u00e9is\u00edn a chur ar f\u00e1il freisin, beidh siad sin poibl\u00ed freisin.<\/p>\n<p><strong>C\u00e9r f\u00e9idir leis th\u00fa a aimsi\u00fa?\u00a0<\/strong>Is f\u00e9idir go mbeidh do chuid \u00edomh\u00e1nna le feice\u00e1il i dtortha\u00ed cuardaigh m\u00e1 t\u00e1 t\u00fa tar \u00e9is log\u00e1il isteach i do chuntas tr\u00ed amharc\u00f3ir gr\u00e9as\u00e1in (m.sh. cuid de na haipeanna coll\u00e1ise n\u00f3 scagaire at\u00e1 cruthaithe ag tr\u00ed\u00fa p\u00e1irtithe). Ina mhalairt de ch\u00e1s, cuirfear do phr\u00f3if\u00edl in inn\u00e9acs ach n\u00edl cead ag innill chuardaigh nascadh le do chuid grianghraf n\u00e1 iad sin a chur in inn\u00e9acs.<\/p>\n<p><strong>Leideanna do mh\u00fainteoir\u00ed ar Instagram:\u00a0<\/strong>Mar an gc\u00e9anna le Twitter, t\u00e1 s\u00e9 de rogha agat do chuntas Instagram a dh\u00e9anamh pr\u00edobh\u00e1ideach. Ach\u00a0t\u00e1 s\u00e9 thar a bheith \u00e9asca \u00edomh\u00e1nna a roinnt tr\u00ed Instagram le seirbh\u00eds\u00ed l\u00edonraithe s\u00f3isialta eile. Nuair a roinneann t\u00fa \u00edomh\u00e1nna ar na seirbh\u00eds\u00ed sin, tig le duine ar bith a bhfuil teacht aige ar an nasc iad a fheice\u00e1il, fi\u00fa m\u00e1 t\u00e1 do chuntas Instagram pr\u00edobh\u00e1ideach. B\u00ed cinnte go mbeife\u00e1 s\u00e1sta go bhfeicfeadh duine ar bith na h\u00edomh\u00e1nna sula gcuirfidh t\u00fa suas ar Instagram iad. I bhfianaise a \u00e9asca at\u00e1 s\u00e9 c\u00f3ip a dh\u00e9anamh de ghrianghraif dhigiteacha, n\u00ed bh\u00edonn a fhios agat cho\u00edche c\u00e9 a fheicfidh gach a phost\u00e1lann t\u00fa ar Instagram.<\/p>\n<p>B\u00ed an-ch\u00faramach agus t\u00fa ag post\u00e1il picti\u00fair de dhaoine eile. B\u00ed cinnte go bhfuil comhghleacaithe s\u00e1sta go mbeadh\u00a0picti\u00far d\u00edobh \u00e1 roinnt ar l\u00edne sula bpost\u00e1lfaidh t\u00fa \u00e9. N\u00ed m\u00f3r r\u00e9amhch\u00faraim\u00ed breise a ghlacadh nuair a <a href=\"https:\/\/www.webwise.ie\/ga\/muinteoiri\/pictiuir-a-phostail-ar-shuiomh-greasain-do-scoile\/\">phost\u00e1lann t\u00fa picti\u00fair de dhalta\u00ed<\/a>. M\u00e1s mion\u00fair iad na dalta\u00ed, caithfidh t\u00fa cead a dtuismitheoir\u00ed a fh\u00e1il.\u00a0N\u00edor cheart go mbainf\u00ed \u00fas\u00e1id as ainmneacha, go h\u00e1irithe ainmneacha ioml\u00e1na, i bhfoscr\u00edbhinn\u00ed.\u00a0M\u00e1 bhaintear \u00fas\u00e1id astu,\u00a0is g\u00e1 iad a choinne\u00e1il scartha \u00f3 na h\u00edomh\u00e1nna.<\/p>\n<h3><a href=\"https:\/\/www.webwise.ie\/wp-content\/uploads\/2015\/03\/Tumblr.jpg\"><img loading=\"lazy\" decoding=\"async\" class=\" wp-image-8312 alignright\" src=\"https:\/\/www.webwise.ie\/wp-content\/uploads\/2015\/03\/Tumblr-e1426863585122.jpg\" alt=\"pr\u00edobh\u00e1ideachas\" width=\"200\" height=\"198\" \/><\/a>Comhad f\u00edric\u00ed maidir le pr\u00edobh\u00e1ideachas ar Tumblr<\/h3>\n<p><strong>Cine\u00e1l l\u00edonra s\u00f3isialta:\u00a0<\/strong>Oscailte<\/p>\n<p><strong>Socruithe pr\u00edobh\u00e1ideachais r\u00e9amhshocraithe:\u00a0<\/strong>T\u00e1 post\u00e1lacha, blaganna, leathanaigh agus d\u2019ainm \u00fas\u00e1ideora uile le feice\u00e1il go poibl\u00ed de r\u00e9ir r\u00e9amhshocraithe. Is \u00e9 an r\u00e9amhshocr\u00fa gur gn\u00edomhartha poibl\u00ed freisin iad an athbhlag\u00e1il, freagra\u00ed a thabhairt agus nithe is maith leat a bheith \u00e1 gcur in i\u00fal.<\/p>\n<p><strong>Faisn\u00e9is a bheidh\u00a0poibl\u00ed i gc\u00f3na\u00ed:\u00a0<\/strong>Beidh do phicti\u00far pr\u00f3if\u00edle agus URL agus teideal do bhlag le feice\u00e1il go poibl\u00ed i gc\u00f3na\u00ed. Is blag poibl\u00ed \u00e9 an pr\u00edomhbhlag, mar sin n\u00ed f\u00e9idir leat aon duine a chosc \u00f3 bheith ag breathn\u00fa air, \u00e1 lean\u00faint, ag f\u00e9achaint ar leathanaigh air, n\u00f3 ag teacht ar a fhotha RSS.<\/p>\n<p><strong>C\u00e9r f\u00e9idir leis th\u00fa a aimsi\u00fa?\u00a0<\/strong>T\u00e1 f\u00e1il ag gach aon duine, agus ag innill chuardaigh, ar an m\u00e9id a fhoils\u00edonn agus a roinneann t\u00fa go poibl\u00ed, agus d\u2019fh\u00e9adf\u00e1 aon chearta pr\u00edobh\u00e1ideachais a bheadh agat i leith an inneachair sin a chailli\u00faint.\u00a0Beidh daoine in ann do bhlaganna a aimsi\u00fa m\u00e1 t\u00e1 do sheoladh r\u00edomhphoist ar eolas acu.<\/p>\n<p><strong>Leideanna do mh\u00fainteoir\u00ed ar Tumblr:\u00a0<\/strong>Is f\u00e9idir blaganna t\u00e1naisteacha a chur faoi chosaint pasfhocail. Cialla\u00edonn sin gur f\u00e9idir leat srian a chur ar lucht f\u00e9achana na mblaganna \u00e1irithe sin.<\/p>\n<h3><a href=\"https:\/\/www.webwise.ie\/wp-content\/uploads\/2015\/03\/Whatsapp.png\"><img loading=\"lazy\" decoding=\"async\" class=\" wp-image-8314 alignright\" src=\"https:\/\/www.webwise.ie\/wp-content\/uploads\/2015\/03\/Whatsapp.png\" alt=\"pr\u00edobh\u00e1ideachas\" width=\"200\" height=\"156\" \/><\/a>Comhad f\u00edric\u00ed maidir le pr\u00edobh\u00e1ideachas ar WhatsApp<\/h3>\n<p><strong>Cine\u00e1l l\u00edonra s\u00f3isialta:\u00a0<\/strong>D\u00fanta<\/p>\n<p><strong>Socruithe pr\u00edobh\u00e1ideachais r\u00e9amhshocraithe:\u00a0<\/strong>D\u00e9anann WhatsApp do chuid Socruithe Pr\u00edobh\u00e1ideachais a chumr\u00fa go huathoibr\u00edoch sa d\u00f3igh is go bhfuil cead ag aon \u00fas\u00e1ideoir eile ar WhatsApp breathn\u00fa ar\u00a0admh\u00e1lacha a l\u00e9igh t\u00fa,\u00a0ar na ruda\u00ed ba dh\u00e9ana\u00ed a chonaic t\u00fa,\u00a0ar do ghrianghraf pr\u00f3if\u00edle agus ar do st\u00e1das.<\/p>\n<p><strong>Faisn\u00e9is a bheidh\u00a0poibl\u00ed i gc\u00f3na\u00ed:\u00a0<\/strong>Beidh do st\u00e1das ar l\u00edne ar f\u00e1il i gc\u00f3na\u00ed. Is f\u00e9idir c\u00fapla bealach a fh\u00e1il timpeall air seo ach, go hoifigi\u00fail, beidh do st\u00e1das ar l\u00edne ar f\u00e1il i gc\u00f3na\u00ed.<\/p>\n<p><strong>C\u00e9r f\u00e9idir leis th\u00fa a aimsi\u00fa?\u00a0<\/strong>N\u00edor mh\u00f3r d\u2019uimhir ghuth\u00e1in a bheith ag \u00fas\u00e1ideoir\u00ed sula bhf\u00e9adfaidh siad th\u00fa a chuardach ar WhatsApp.<\/p>\n<h3><a href=\"https:\/\/www.webwise.ie\/wp-content\/uploads\/2015\/03\/viber.png\"><img loading=\"lazy\" decoding=\"async\" class=\" wp-image-8316 alignright\" src=\"https:\/\/www.webwise.ie\/wp-content\/uploads\/2015\/03\/viber-300x300.png\" alt=\"pr\u00edobh\u00e1ideachas\" width=\"200\" height=\"200\" srcset=\"https:\/\/www.webwise.ie\/wp-content\/uploads\/2015\/03\/viber-300x300.png 300w, https:\/\/www.webwise.ie\/wp-content\/uploads\/2015\/03\/viber.png 768w\" sizes=\"auto, (max-width: 200px) 100vw, 200px\" \/><\/a>Comhad f\u00edric\u00ed maidir le pr\u00edobh\u00e1ideachas ar\u00a0Viber<\/h3>\n<p><strong>Cine\u00e1l l\u00edonra s\u00f3isialta:\u00a0<\/strong>D\u00fanta<\/p>\n<p><strong>Socruithe pr\u00edobh\u00e1ideachais r\u00e9amhshocraithe:\u00a0<\/strong>Castar air na nithe seo a leanas de r\u00e9ir r\u00e9amhshocraithe: roinn an st\u00e1das \u2018ar l\u00edne\u2019, seol an st\u00e1das \u2018feicthe\u2019, agus roinn an st\u00e1das \u2018aip \u00e1 h\u00fas\u00e1id\u2019. N\u00edl s\u00e9 \u00e9igeantach grianghraf d\u00edot n\u00e1 d\u2019ainm a chur ar f\u00e1il, ach beidh teacht ag daoine orthu m\u00e1 t\u00e1 d\u2019uimhir ghuth\u00e1in acu n\u00f3 m\u00e1s cuid den ghr\u00fapchomhr\u00e1 c\u00e9anna leat iad.<\/p>\n<p><strong>C\u00e9r f\u00e9idir leis th\u00fa a aimsi\u00fa?\u00a0<\/strong>N\u00edor mh\u00f3r d\u2019uimhir ghuth\u00e1in a bheith ag \u00fas\u00e1ideoir\u00ed sula bhf\u00e9adfaidh siad th\u00fa a chuardach ar WhatsApp.<\/p>\n<h3><a href=\"https:\/\/www.webwise.ie\/wp-content\/uploads\/2015\/03\/snapchat.png\"><img loading=\"lazy\" decoding=\"async\" class=\" wp-image-8318 alignright\" src=\"https:\/\/www.webwise.ie\/wp-content\/uploads\/2015\/03\/snapchat-300x300.png\" alt=\"pr\u00edobh\u00e1ideachas\" width=\"200\" height=\"200\" srcset=\"https:\/\/www.webwise.ie\/wp-content\/uploads\/2015\/03\/snapchat-300x300.png 300w, https:\/\/www.webwise.ie\/wp-content\/uploads\/2015\/03\/snapchat.png 480w\" sizes=\"auto, (max-width: 200px) 100vw, 200px\" \/><\/a>Comhad f\u00edric\u00ed maidir le pr\u00edobh\u00e1ideachas ar\u00a0Snapchat<\/h3>\n<p><strong>Cine\u00e1l l\u00edonra s\u00f3isialta:\u00a0<\/strong>D\u00fanta<\/p>\n<p><strong>Socruithe pr\u00edobh\u00e1ideachais r\u00e9amhshocraithe:\u00a0<\/strong>Is \u00e9 an r\u00e9amhshocr\u00fa nach f\u00e9idir ach le cairde snaipeanna a chur chugat agus do Snapstory a fheice\u00e1il.<\/p>\n<p><strong>Faisn\u00e9is a bheidh\u00a0poibl\u00ed i gc\u00f3na\u00ed:\u00a0<\/strong>T\u00e1 d\u2019ainm \u00fas\u00e1ideora poibl\u00ed i gc\u00f3na\u00ed.\u00a0B\u00edonn \u00fas\u00e1ideoir\u00ed in ann a fheice\u00e1il i gc\u00f3na\u00ed c\u00e9 acu ar l\u00e9igh t\u00fa snaipeanna n\u00f3 n\u00e1r l\u00e9igh.<\/p>\n<p><strong>C\u00e9r f\u00e9idir leis th\u00fa a aimsi\u00fa?\u00a0<\/strong>Is f\u00e9idir le duine ar bith a bhfuil d\u2019ainm \u00fas\u00e1ideora n\u00f3 d\u2019uimhir teagmh\u00e1la ar eolas aige\/aici th\u00fa a chuardach.<\/p>\n<p><strong>Leideanna do mh\u00fainteoir\u00ed ar Snapchat:\u00a0<\/strong>Is f\u00e9idir le daoine snaipeanna a chur chugat\/th\u00fa a chur lena liosta teagmh\u00e1laithe, ach n\u00ed bhfaighidh t\u00fa na teachtaireachta\u00ed sin mura mb\u00edonn teachtaireachta\u00ed \u00e1 bhf\u00e1il agat \u00f3 Gach Duine. Breathnaigh ar do chuid socruithe chun an rogha sin a athr\u00fa.<\/p>\n<h3><a href=\"https:\/\/www.webwise.ie\/wp-content\/uploads\/2015\/03\/Pinterest-logo.png\"><img loading=\"lazy\" decoding=\"async\" class=\" wp-image-8320 alignright\" src=\"https:\/\/www.webwise.ie\/wp-content\/uploads\/2015\/03\/Pinterest-logo-300x300.png\" alt=\"pr\u00edobh\u00e1ideachas\" width=\"200\" height=\"200\" srcset=\"https:\/\/www.webwise.ie\/wp-content\/uploads\/2015\/03\/Pinterest-logo-300x300.png 300w, https:\/\/www.webwise.ie\/wp-content\/uploads\/2015\/03\/Pinterest-logo.png 470w\" sizes=\"auto, (max-width: 200px) 100vw, 200px\" \/><\/a>Comhad f\u00edric\u00ed maidir le pr\u00edobh\u00e1ideachas ar\u00a0Pinterest<\/h3>\n<p><strong>Cine\u00e1l l\u00edonra s\u00f3isialta:\u00a0<\/strong>Oscailte<\/p>\n<p><strong>Socruithe pr\u00edobh\u00e1ideachais r\u00e9amhshocraithe:\u00a0<\/strong>T\u00e1 cl\u00e1racha agus pr\u00f3if\u00edl\u00ed Pinterest le feice\u00e1il go poibl\u00ed de r\u00e9ir r\u00e9amhshocraithe. Cialla\u00edonn sin gur f\u00e9idir le duine ar bith s\u00fail a chaitheamh ar na h\u00edomh\u00e1nna agus na hailt at\u00e1 s\u00e1bh\u00e1ilte agat ar do chl\u00e1racha. Is f\u00e9idir cl\u00e1racha a dh\u00e9anamh r\u00fanda sa d\u00f3igh is nach bhfeicfidh daoine c\u00e9ard at\u00e1 ar si\u00fal agat ar Pinterest.<\/p>\n<p><strong>Faisn\u00e9is a bheidh\u00a0poibl\u00ed i gc\u00f3na\u00ed:\u00a0<\/strong>Beidh do leathanach pr\u00f3if\u00edle, d\u2019ainm agus do ghrianghraf san \u00e1ireamh, le feice\u00e1il go poibl\u00ed i gc\u00f3na\u00ed. Ruda\u00ed poibl\u00ed iad freisin do lucht lean\u00fana, na daoine a leanann t\u00fa f\u00e9in agus na nithe is fearr leat.<\/p>\n<p><strong>C\u00e9r f\u00e9idir leis th\u00fa a aimsi\u00fa?\u00a0<\/strong>T\u00e1 gach pr\u00f3if\u00edl Pinterest liostaithe ar Google de r\u00e9ir r\u00e9amhshocraithe. T\u00e1 s\u00e9 de rogha agat do phr\u00f3if\u00edl a chur i bhfolach \u00f3n gcuardach sin. Ach d\u2019fh\u00e9adfadh d\u2019ainm teacht an\u00edos mar sin f\u00e9in agus \u00e9 nasctha le pionna\u00ed \u00e1irithe.<\/p>\n<p><strong>Leideanna do mh\u00fainteoir\u00ed ar Pinterest:\u00a0<\/strong>Is f\u00e9idir cl\u00e1racha a dh\u00e9anamh r\u00fanda sa d\u00f3igh is nach bhfeicfidh daoine c\u00e9ard at\u00e1 ar si\u00fal agat ar Pinterest. \u00a0M\u00e1 bhain t\u00fa \u00fas\u00e1id as Facebook chun cairde a aimsi\u00fa ar Pinterest, beidh nasc uathoibr\u00edoch ar bharr do phr\u00f3if\u00edle le do phr\u00f3if\u00edl Facebook. B\u00ed c\u00faramach freisin maidir leis na cl\u00e1racha a nglacann t\u00fa p\u00e1irt iontu. Beidh siad sin ceangailte le do phr\u00f3if\u00edl agus le feice\u00e1il ann, mar sin is g\u00e1 duit a bheith s\u00e1sta le hoiri\u00fanacht an inneachair a chuirtear leo.<\/p>\n<h3><a href=\"https:\/\/www.webwise.ie\/wp-content\/uploads\/2015\/03\/LinkedIn.png\"><img loading=\"lazy\" decoding=\"async\" class=\" wp-image-8322 alignright\" src=\"https:\/\/www.webwise.ie\/wp-content\/uploads\/2015\/03\/LinkedIn-300x300.png\" alt=\"pr\u00edobh\u00e1ideachas\" width=\"200\" height=\"200\" srcset=\"https:\/\/www.webwise.ie\/wp-content\/uploads\/2015\/03\/LinkedIn-300x300.png 300w, https:\/\/www.webwise.ie\/wp-content\/uploads\/2015\/03\/LinkedIn.png 768w\" sizes=\"auto, (max-width: 200px) 100vw, 200px\" \/><\/a>Comhad f\u00edric\u00ed maidir le pr\u00edobh\u00e1ideachas ar\u00a0LinkedIn<\/h3>\n<p><strong>Cine\u00e1l l\u00edonra s\u00f3isialta:\u00a0<\/strong>D\u00fanta<\/p>\n<p><strong>Socruithe pr\u00edobh\u00e1ideachais r\u00e9amhshocraithe:\u00a0<\/strong>T\u00e1 an chuid is m\u00f3 den fhaisn\u00e9is poibl\u00ed de r\u00e9ir r\u00e9amhshocraithe (teagmh\u00e1laithe, achoimre oibre, oideachas agus poist go dt\u00ed seo san \u00e1ireamh). R\u00e9amhshocr\u00fa eile is ea go riana\u00edonn LinkedIn do chuairteanna ar leathanaigh \u00fas\u00e1ideoir\u00ed eile agus go gcuireann siad iad ar an eolas faoi. D\u00e9antar do chuid nuashonruithe agus gn\u00edomha\u00edochta\u00ed ar LinkedIn a chraobhscaoileadh go huathoibr\u00edoch le do theagmh\u00e1laithe freisin agus is f\u00e9idir go n-aibhseofar iad ar a leathanaigh baile. T\u00e1 do ghrianghraf le feice\u00e1il ag duine ar bith i do l\u00edonra (teagmh\u00e1laithe den <sup>ch\u00e9ad<\/sup> agus den <sup>dara<\/sup> c\u00e9im) de r\u00e9ir r\u00e9amhshocraithe.<\/p>\n<p><strong>Faisn\u00e9is a bheidh\u00a0poibl\u00ed i gc\u00f3na\u00ed:\u00a0<\/strong>C\u00e9 gur f\u00e9idir leat a roghn\u00fa gan pr\u00f3if\u00edl phoibl\u00ed LinkedIn a bheith agat, beidh do phr\u00f3if\u00edl phr\u00edobh\u00e1ideach le feice\u00e1il i gc\u00f3na\u00ed ag \u00fas\u00e1ideoir\u00ed eile LinkedIn. M\u00e1 bh\u00edonn t\u00fa ag athr\u00fa grianghraif, ag f\u00e1il teagmh\u00e1laithe nua, ag lean\u00faint cuideachta\u00ed, ag d\u00e9anamh gn\u00edomha\u00edocht ghr\u00fapa n\u00f3 ag cur in i\u00fal gur maith leat rud \u00e9igin, n\u00ed f\u00e9idir sin a chur i bhfolach cho\u00edche.<\/p>\n<p><strong>C\u00e9r f\u00e9idir leis th\u00fa a aimsi\u00fa?\u00a0<\/strong>D\u00e9anann innill chuardaigh inn\u00e9acs\u00fa ar do phr\u00f3if\u00edl poibl\u00ed de r\u00e9ir r\u00e9amhshocraithe. T\u00e1 s\u00e9 de rogha agat do phr\u00f3if\u00edl a chur i bhfolach \u00f3n gcuardach sin, ach beidh \u00fas\u00e1ideoir\u00ed LinkedIn in ann do phr\u00f3if\u00edl a chuardach i gc\u00f3na\u00ed.<\/p>\n<p><strong>Leideanna do mh\u00fainteoir\u00ed ar LinkedIn:\u00a0<\/strong>C\u00e9 gur f\u00e9idir leat a roghn\u00fa gan pr\u00f3if\u00edl phoibl\u00ed LinkedIn a bheith agat, n\u00ed h\u00e9 go gcosna\u00edonn s\u00e9 sin do phr\u00edobh\u00e1ideachas ann. Is f\u00e9idir le duine ar bith cl\u00e1r\u00fa le haghaidh pr\u00f3if\u00edl LinkedIn agus beidh teacht aige\/aici ina dhiaidh sin ar do phr\u00f3if\u00edl phr\u00edobh\u00e1ideach ina hioml\u00e1ine. An t-aon bhealach amh\u00e1in le faisn\u00e9is a chur i bhfolach ar do phr\u00f3if\u00edl phr\u00edobh\u00e1ideach is ea \u00e9 a bhaint ar fad.<\/p>\n<p>Tabhair do d\u2019aire freisin go mbeidh do sheoladh r\u00edomhphoist ar eolas ag teagmh\u00e1laithe a luaithe is a nascann t\u00fa leo. Beidh an chuma ar theachtaireachta\u00ed a fhaightear \u00f3 na daoine sin, n\u00f3 a chuirtear chucu, go bhfuil siad ag teacht n\u00f3 ag imeacht \u00f3 sheolta\u00ed r\u00edomhphoist pearsanta seachas \u00f3 LinkedIn. Chun r\u00edomhphoist gan iarraidh a sheachaint, t\u00e1 s\u00e9 t\u00e1bhachtach nach nglacfadh m\u00fainteoir\u00ed le gach cuireadh chun teagmh\u00e1la a chuirtear chucu agus beag\u00e1n taighde a dh\u00e9anamh ar an duine sin roimh r\u00e9. Mura bhfuil m\u00f3r\u00e1n teagmh\u00e1laithe ag an duine sin n\u00f3 mura bhfuil s\u00e9\/s\u00ed nasctha ach le l\u00edon beag ball foirne i do scoil, is f\u00e9idir gur dalta at\u00e1 ann agus \u00e9\/\u00ed i mbun fioscaireachta.<\/p>\n<p>&nbsp;<\/p>\n","protected":false},"excerpt":{"rendered":"<p>Socruithe pr\u00edobh\u00e1ideachais ar sheirbh\u00eds\u00ed l\u00edonraithe s\u00f3isialta Sp\u00e1s pearsanta agus poibl\u00ed araon iad na me\u00e1in sh\u00f3isialta, rud a chuireann roinnt d\u00fashl\u00e1n [&hellip;]<\/p>\n","protected":false},"author":6,"featured_media":2021,"comment_status":"closed","ping_status":"closed","sticky":false,"template":"","format":"standard","meta":{"_acf_changed":false,"_uag_custom_page_level_css":"","footnotes":""},"categories":[139,79,85],"tags":[95,115,96],"class_list":["post-8437","post","type-post","status-publish","format-standard","has-post-thumbnail","hentry","category-comhairle-do-mhuinteoiri-ga","category-muinteoiri-ga","category-tuismitheoiri-ga","tag-facebook-ga","tag-pictuir","tag-lionru-soisialta"],"acf":[],"yoast_head":"<!-- This site is optimized with the Yoast SEO plugin v27.4 - https:\/\/yoast.com\/product\/yoast-seo-wordpress\/ -->\n<title>Do phr\u00edobh\u00e1ideachas a chosaint ar 9 l\u00edonra sh\u00f3isialta m\u00f3r\u00e9ilimh -<\/title>\n<meta name=\"description\" content=\"Cur s\u00edos ar shocruithe pr\u00edobh\u00e1ideachais r\u00e9amhshocraithe ar Facebook, LinkedIn agus 7 l\u00edonra sh\u00f3isialta eile, mar aon le comhairle do mh\u00fainteoir\u00ed a \u00fas\u00e1ideann na l\u00edonra\u00ed s\u00f3isialta sin.\" \/>\n<meta name=\"robots\" content=\"index, follow, max-snippet:-1, max-image-preview:large, max-video-preview:-1\" \/>\n<link rel=\"canonical\" href=\"https:\/\/www.webwise.ie\/ga\/muinteoiri-ga\/do-phriobhaideachas-a-chosaint-ar-9-lionra-shoisialta-moreilimh\/\" \/>\n<meta property=\"og:locale\" content=\"en_US\" \/>\n<meta property=\"og:type\" content=\"article\" \/>\n<meta property=\"og:title\" content=\"Do phr\u00edobh\u00e1ideachas a chosaint ar 9 l\u00edonra sh\u00f3isialta m\u00f3r\u00e9ilimh -\" \/>\n<meta property=\"og:description\" content=\"Cur s\u00edos ar shocruithe pr\u00edobh\u00e1ideachais r\u00e9amhshocraithe ar Facebook, LinkedIn agus 7 l\u00edonra sh\u00f3isialta eile, mar aon le comhairle do mh\u00fainteoir\u00ed a \u00fas\u00e1ideann na l\u00edonra\u00ed s\u00f3isialta sin.\" \/>\n<meta property=\"og:url\" content=\"https:\/\/www.webwise.ie\/ga\/muinteoiri-ga\/do-phriobhaideachas-a-chosaint-ar-9-lionra-shoisialta-moreilimh\/\" \/>\n<meta property=\"og:site_name\" content=\"Webwise.ie\" \/>\n<meta property=\"article:publisher\" content=\"https:\/\/www.facebook.com\/Webwise\/\" \/>\n<meta property=\"article:published_time\" content=\"2015-05-26T10:15:10+00:00\" \/>\n<meta property=\"article:modified_time\" content=\"2015-05-27T08:45:40+00:00\" \/>\n<meta property=\"og:image\" content=\"https:\/\/www.webwise.ie\/wp-content\/uploads\/2014\/06\/Twitter1.jpg\" \/>\n\t<meta property=\"og:image:width\" content=\"620\" \/>\n\t<meta property=\"og:image:height\" content=\"300\" \/>\n\t<meta property=\"og:image:type\" content=\"image\/jpeg\" \/>\n<meta name=\"author\" content=\"Emily Lynch\" \/>\n<meta name=\"twitter:label1\" content=\"Written by\" \/>\n\t<meta name=\"twitter:data1\" content=\"Emily Lynch\" \/>\n\t<meta name=\"twitter:label2\" content=\"Est. reading time\" \/>\n\t<meta name=\"twitter:data2\" content=\"17 minutes\" \/>\n<script type=\"application\/ld+json\" class=\"yoast-schema-graph\">{\"@context\":\"https:\\\/\\\/schema.org\",\"@graph\":[{\"@type\":\"Article\",\"@id\":\"https:\\\/\\\/www.webwise.ie\\\/ga\\\/muinteoiri-ga\\\/do-phriobhaideachas-a-chosaint-ar-9-lionra-shoisialta-moreilimh\\\/#article\",\"isPartOf\":{\"@id\":\"https:\\\/\\\/www.webwise.ie\\\/ga\\\/muinteoiri-ga\\\/do-phriobhaideachas-a-chosaint-ar-9-lionra-shoisialta-moreilimh\\\/\"},\"author\":{\"name\":\"Emily Lynch\",\"@id\":\"https:\\\/\\\/www.webwise.ie\\\/ga\\\/#\\\/schema\\\/person\\\/232fc23964c5fe2aca01b57daac795e4\"},\"headline\":\"Do phr\u00edobh\u00e1ideachas a chosaint ar 9 l\u00edonra sh\u00f3isialta m\u00f3r\u00e9ilimh\",\"datePublished\":\"2015-05-26T10:15:10+00:00\",\"dateModified\":\"2015-05-27T08:45:40+00:00\",\"mainEntityOfPage\":{\"@id\":\"https:\\\/\\\/www.webwise.ie\\\/ga\\\/muinteoiri-ga\\\/do-phriobhaideachas-a-chosaint-ar-9-lionra-shoisialta-moreilimh\\\/\"},\"wordCount\":3362,\"image\":{\"@id\":\"https:\\\/\\\/www.webwise.ie\\\/ga\\\/muinteoiri-ga\\\/do-phriobhaideachas-a-chosaint-ar-9-lionra-shoisialta-moreilimh\\\/#primaryimage\"},\"thumbnailUrl\":\"https:\\\/\\\/www.webwise.ie\\\/wp-content\\\/uploads\\\/2014\\\/06\\\/Twitter1.jpg\",\"keywords\":[\"Facebook\",\"\u00cdomh\u00e1nna\",\"L\u00edonr\u00fa S\u00f3isialta\"],\"articleSection\":[\"Comhairle do Mh\u00fainteoir\u00ed\",\"M\u00fainteoir\u00ed\",\"Tuismitheoir\u00ed\"],\"inLanguage\":\"en-GA\"},{\"@type\":\"WebPage\",\"@id\":\"https:\\\/\\\/www.webwise.ie\\\/ga\\\/muinteoiri-ga\\\/do-phriobhaideachas-a-chosaint-ar-9-lionra-shoisialta-moreilimh\\\/\",\"url\":\"https:\\\/\\\/www.webwise.ie\\\/ga\\\/muinteoiri-ga\\\/do-phriobhaideachas-a-chosaint-ar-9-lionra-shoisialta-moreilimh\\\/\",\"name\":\"Do phr\u00edobh\u00e1ideachas a chosaint ar 9 l\u00edonra sh\u00f3isialta m\u00f3r\u00e9ilimh -\",\"isPartOf\":{\"@id\":\"https:\\\/\\\/www.webwise.ie\\\/ga\\\/#website\"},\"primaryImageOfPage\":{\"@id\":\"https:\\\/\\\/www.webwise.ie\\\/ga\\\/muinteoiri-ga\\\/do-phriobhaideachas-a-chosaint-ar-9-lionra-shoisialta-moreilimh\\\/#primaryimage\"},\"image\":{\"@id\":\"https:\\\/\\\/www.webwise.ie\\\/ga\\\/muinteoiri-ga\\\/do-phriobhaideachas-a-chosaint-ar-9-lionra-shoisialta-moreilimh\\\/#primaryimage\"},\"thumbnailUrl\":\"https:\\\/\\\/www.webwise.ie\\\/wp-content\\\/uploads\\\/2014\\\/06\\\/Twitter1.jpg\",\"datePublished\":\"2015-05-26T10:15:10+00:00\",\"dateModified\":\"2015-05-27T08:45:40+00:00\",\"author\":{\"@id\":\"https:\\\/\\\/www.webwise.ie\\\/ga\\\/#\\\/schema\\\/person\\\/232fc23964c5fe2aca01b57daac795e4\"},\"description\":\"Cur s\u00edos ar shocruithe pr\u00edobh\u00e1ideachais r\u00e9amhshocraithe ar Facebook, LinkedIn agus 7 l\u00edonra sh\u00f3isialta eile, mar aon le comhairle do mh\u00fainteoir\u00ed a \u00fas\u00e1ideann na l\u00edonra\u00ed s\u00f3isialta sin.\",\"breadcrumb\":{\"@id\":\"https:\\\/\\\/www.webwise.ie\\\/ga\\\/muinteoiri-ga\\\/do-phriobhaideachas-a-chosaint-ar-9-lionra-shoisialta-moreilimh\\\/#breadcrumb\"},\"inLanguage\":\"en-GA\",\"potentialAction\":[{\"@type\":\"ReadAction\",\"target\":[\"https:\\\/\\\/www.webwise.ie\\\/ga\\\/muinteoiri-ga\\\/do-phriobhaideachas-a-chosaint-ar-9-lionra-shoisialta-moreilimh\\\/\"]}]},{\"@type\":\"ImageObject\",\"inLanguage\":\"en-GA\",\"@id\":\"https:\\\/\\\/www.webwise.ie\\\/ga\\\/muinteoiri-ga\\\/do-phriobhaideachas-a-chosaint-ar-9-lionra-shoisialta-moreilimh\\\/#primaryimage\",\"url\":\"https:\\\/\\\/www.webwise.ie\\\/wp-content\\\/uploads\\\/2014\\\/06\\\/Twitter1.jpg\",\"contentUrl\":\"https:\\\/\\\/www.webwise.ie\\\/wp-content\\\/uploads\\\/2014\\\/06\\\/Twitter1.jpg\",\"width\":620,\"height\":300},{\"@type\":\"BreadcrumbList\",\"@id\":\"https:\\\/\\\/www.webwise.ie\\\/ga\\\/muinteoiri-ga\\\/do-phriobhaideachas-a-chosaint-ar-9-lionra-shoisialta-moreilimh\\\/#breadcrumb\",\"itemListElement\":[{\"@type\":\"ListItem\",\"position\":1,\"name\":\"Home\",\"item\":\"https:\\\/\\\/www.webwise.ie\\\/ga\\\/\"},{\"@type\":\"ListItem\",\"position\":2,\"name\":\"Do phr\u00edobh\u00e1ideachas a chosaint ar 9 l\u00edonra sh\u00f3isialta m\u00f3r\u00e9ilimh\"}]},{\"@type\":\"WebSite\",\"@id\":\"https:\\\/\\\/www.webwise.ie\\\/ga\\\/#website\",\"url\":\"https:\\\/\\\/www.webwise.ie\\\/ga\\\/\",\"name\":\"Webwise\",\"description\":\"The Irish Internet Safety Awareness Centre\",\"potentialAction\":[{\"@type\":\"SearchAction\",\"target\":{\"@type\":\"EntryPoint\",\"urlTemplate\":\"https:\\\/\\\/www.webwise.ie\\\/ga\\\/?s={search_term_string}\"},\"query-input\":{\"@type\":\"PropertyValueSpecification\",\"valueRequired\":true,\"valueName\":\"search_term_string\"}}],\"inLanguage\":\"en-GA\"},{\"@type\":\"Person\",\"@id\":\"https:\\\/\\\/www.webwise.ie\\\/ga\\\/#\\\/schema\\\/person\\\/232fc23964c5fe2aca01b57daac795e4\",\"name\":\"Emily Lynch\",\"image\":{\"@type\":\"ImageObject\",\"inLanguage\":\"en-GA\",\"@id\":\"https:\\\/\\\/secure.gravatar.com\\\/avatar\\\/a23fc6628b2d322b9cd84e94a2b5f6669b4468562e5d41da4752a7e3462b4189?s=96&d=mm&r=g\",\"url\":\"https:\\\/\\\/secure.gravatar.com\\\/avatar\\\/a23fc6628b2d322b9cd84e94a2b5f6669b4468562e5d41da4752a7e3462b4189?s=96&d=mm&r=g\",\"contentUrl\":\"https:\\\/\\\/secure.gravatar.com\\\/avatar\\\/a23fc6628b2d322b9cd84e94a2b5f6669b4468562e5d41da4752a7e3462b4189?s=96&d=mm&r=g\",\"caption\":\"Emily Lynch\"},\"url\":\"https:\\\/\\\/www.webwise.ie\\\/ga\\\/author\\\/emily\\\/\"}]}<\/script>\n<!-- \/ Yoast SEO plugin. -->","yoast_head_json":{"title":"Do phr\u00edobh\u00e1ideachas a chosaint ar 9 l\u00edonra sh\u00f3isialta m\u00f3r\u00e9ilimh -","description":"Cur s\u00edos ar shocruithe pr\u00edobh\u00e1ideachais r\u00e9amhshocraithe ar Facebook, LinkedIn agus 7 l\u00edonra sh\u00f3isialta eile, mar aon le comhairle do mh\u00fainteoir\u00ed a \u00fas\u00e1ideann na l\u00edonra\u00ed s\u00f3isialta sin.","robots":{"index":"index","follow":"follow","max-snippet":"max-snippet:-1","max-image-preview":"max-image-preview:large","max-video-preview":"max-video-preview:-1"},"canonical":"https:\/\/www.webwise.ie\/ga\/muinteoiri-ga\/do-phriobhaideachas-a-chosaint-ar-9-lionra-shoisialta-moreilimh\/","og_locale":"en_US","og_type":"article","og_title":"Do phr\u00edobh\u00e1ideachas a chosaint ar 9 l\u00edonra sh\u00f3isialta m\u00f3r\u00e9ilimh -","og_description":"Cur s\u00edos ar shocruithe pr\u00edobh\u00e1ideachais r\u00e9amhshocraithe ar Facebook, LinkedIn agus 7 l\u00edonra sh\u00f3isialta eile, mar aon le comhairle do mh\u00fainteoir\u00ed a \u00fas\u00e1ideann na l\u00edonra\u00ed s\u00f3isialta sin.","og_url":"https:\/\/www.webwise.ie\/ga\/muinteoiri-ga\/do-phriobhaideachas-a-chosaint-ar-9-lionra-shoisialta-moreilimh\/","og_site_name":"Webwise.ie","article_publisher":"https:\/\/www.facebook.com\/Webwise\/","article_published_time":"2015-05-26T10:15:10+00:00","article_modified_time":"2015-05-27T08:45:40+00:00","og_image":[{"width":620,"height":300,"url":"https:\/\/www.webwise.ie\/wp-content\/uploads\/2014\/06\/Twitter1.jpg","type":"image\/jpeg"}],"author":"Emily Lynch","twitter_misc":{"Written by":"Emily Lynch","Est. reading time":"17 minutes"},"schema":{"@context":"https:\/\/schema.org","@graph":[{"@type":"Article","@id":"https:\/\/www.webwise.ie\/ga\/muinteoiri-ga\/do-phriobhaideachas-a-chosaint-ar-9-lionra-shoisialta-moreilimh\/#article","isPartOf":{"@id":"https:\/\/www.webwise.ie\/ga\/muinteoiri-ga\/do-phriobhaideachas-a-chosaint-ar-9-lionra-shoisialta-moreilimh\/"},"author":{"name":"Emily Lynch","@id":"https:\/\/www.webwise.ie\/ga\/#\/schema\/person\/232fc23964c5fe2aca01b57daac795e4"},"headline":"Do phr\u00edobh\u00e1ideachas a chosaint ar 9 l\u00edonra sh\u00f3isialta m\u00f3r\u00e9ilimh","datePublished":"2015-05-26T10:15:10+00:00","dateModified":"2015-05-27T08:45:40+00:00","mainEntityOfPage":{"@id":"https:\/\/www.webwise.ie\/ga\/muinteoiri-ga\/do-phriobhaideachas-a-chosaint-ar-9-lionra-shoisialta-moreilimh\/"},"wordCount":3362,"image":{"@id":"https:\/\/www.webwise.ie\/ga\/muinteoiri-ga\/do-phriobhaideachas-a-chosaint-ar-9-lionra-shoisialta-moreilimh\/#primaryimage"},"thumbnailUrl":"https:\/\/www.webwise.ie\/wp-content\/uploads\/2014\/06\/Twitter1.jpg","keywords":["Facebook","\u00cdomh\u00e1nna","L\u00edonr\u00fa S\u00f3isialta"],"articleSection":["Comhairle do Mh\u00fainteoir\u00ed","M\u00fainteoir\u00ed","Tuismitheoir\u00ed"],"inLanguage":"en-GA"},{"@type":"WebPage","@id":"https:\/\/www.webwise.ie\/ga\/muinteoiri-ga\/do-phriobhaideachas-a-chosaint-ar-9-lionra-shoisialta-moreilimh\/","url":"https:\/\/www.webwise.ie\/ga\/muinteoiri-ga\/do-phriobhaideachas-a-chosaint-ar-9-lionra-shoisialta-moreilimh\/","name":"Do phr\u00edobh\u00e1ideachas a chosaint ar 9 l\u00edonra sh\u00f3isialta m\u00f3r\u00e9ilimh -","isPartOf":{"@id":"https:\/\/www.webwise.ie\/ga\/#website"},"primaryImageOfPage":{"@id":"https:\/\/www.webwise.ie\/ga\/muinteoiri-ga\/do-phriobhaideachas-a-chosaint-ar-9-lionra-shoisialta-moreilimh\/#primaryimage"},"image":{"@id":"https:\/\/www.webwise.ie\/ga\/muinteoiri-ga\/do-phriobhaideachas-a-chosaint-ar-9-lionra-shoisialta-moreilimh\/#primaryimage"},"thumbnailUrl":"https:\/\/www.webwise.ie\/wp-content\/uploads\/2014\/06\/Twitter1.jpg","datePublished":"2015-05-26T10:15:10+00:00","dateModified":"2015-05-27T08:45:40+00:00","author":{"@id":"https:\/\/www.webwise.ie\/ga\/#\/schema\/person\/232fc23964c5fe2aca01b57daac795e4"},"description":"Cur s\u00edos ar shocruithe pr\u00edobh\u00e1ideachais r\u00e9amhshocraithe ar Facebook, LinkedIn agus 7 l\u00edonra sh\u00f3isialta eile, mar aon le comhairle do mh\u00fainteoir\u00ed a \u00fas\u00e1ideann na l\u00edonra\u00ed s\u00f3isialta sin.","breadcrumb":{"@id":"https:\/\/www.webwise.ie\/ga\/muinteoiri-ga\/do-phriobhaideachas-a-chosaint-ar-9-lionra-shoisialta-moreilimh\/#breadcrumb"},"inLanguage":"en-GA","potentialAction":[{"@type":"ReadAction","target":["https:\/\/www.webwise.ie\/ga\/muinteoiri-ga\/do-phriobhaideachas-a-chosaint-ar-9-lionra-shoisialta-moreilimh\/"]}]},{"@type":"ImageObject","inLanguage":"en-GA","@id":"https:\/\/www.webwise.ie\/ga\/muinteoiri-ga\/do-phriobhaideachas-a-chosaint-ar-9-lionra-shoisialta-moreilimh\/#primaryimage","url":"https:\/\/www.webwise.ie\/wp-content\/uploads\/2014\/06\/Twitter1.jpg","contentUrl":"https:\/\/www.webwise.ie\/wp-content\/uploads\/2014\/06\/Twitter1.jpg","width":620,"height":300},{"@type":"BreadcrumbList","@id":"https:\/\/www.webwise.ie\/ga\/muinteoiri-ga\/do-phriobhaideachas-a-chosaint-ar-9-lionra-shoisialta-moreilimh\/#breadcrumb","itemListElement":[{"@type":"ListItem","position":1,"name":"Home","item":"https:\/\/www.webwise.ie\/ga\/"},{"@type":"ListItem","position":2,"name":"Do phr\u00edobh\u00e1ideachas a chosaint ar 9 l\u00edonra sh\u00f3isialta m\u00f3r\u00e9ilimh"}]},{"@type":"WebSite","@id":"https:\/\/www.webwise.ie\/ga\/#website","url":"https:\/\/www.webwise.ie\/ga\/","name":"Webwise","description":"The Irish Internet Safety Awareness Centre","potentialAction":[{"@type":"SearchAction","target":{"@type":"EntryPoint","urlTemplate":"https:\/\/www.webwise.ie\/ga\/?s={search_term_string}"},"query-input":{"@type":"PropertyValueSpecification","valueRequired":true,"valueName":"search_term_string"}}],"inLanguage":"en-GA"},{"@type":"Person","@id":"https:\/\/www.webwise.ie\/ga\/#\/schema\/person\/232fc23964c5fe2aca01b57daac795e4","name":"Emily Lynch","image":{"@type":"ImageObject","inLanguage":"en-GA","@id":"https:\/\/secure.gravatar.com\/avatar\/a23fc6628b2d322b9cd84e94a2b5f6669b4468562e5d41da4752a7e3462b4189?s=96&d=mm&r=g","url":"https:\/\/secure.gravatar.com\/avatar\/a23fc6628b2d322b9cd84e94a2b5f6669b4468562e5d41da4752a7e3462b4189?s=96&d=mm&r=g","contentUrl":"https:\/\/secure.gravatar.com\/avatar\/a23fc6628b2d322b9cd84e94a2b5f6669b4468562e5d41da4752a7e3462b4189?s=96&d=mm&r=g","caption":"Emily Lynch"},"url":"https:\/\/www.webwise.ie\/ga\/author\/emily\/"}]}},"spectra_custom_meta":{"_alp_processed":["1432635310"],"_top_nav_excluded":[""],"_cms_nav_minihome":[""],"_yoast_wpseo_metadesc":["Cur s\u00edos ar shocruithe pr\u00edobh\u00e1ideachais r\u00e9amhshocraithe ar Facebook, LinkedIn agus 7 l\u00edonra sh\u00f3isialta eile, mar aon le comhairle do mh\u00fainteoir\u00ed a \u00fas\u00e1ideann na l\u00edonra\u00ed s\u00f3isialta sin."],"_yoast_wpseo_focuskw":["pr\u00edobh\u00e1ideachas"],"_edit_lock":["1432716210:6"],"_yoast_wpseo_linkdex":["73"],"_thumbnail_id":["2021"],"_edit_last":["6"],"teacher_feature":["No"],"_teacher_feature":["field_537cabfb09d96"],"parent_feature":["No"],"_parent_feature":["field_537cadafcb7d8"],"_wpml_media_duplicate":[""],"_wpml_media_featured":["1"]},"uagb_featured_image_src":{"full":["https:\/\/www.webwise.ie\/wp-content\/uploads\/2014\/06\/Twitter1.jpg",620,300,false],"thumbnail":["https:\/\/www.webwise.ie\/wp-content\/uploads\/2014\/06\/Twitter1-190x130.jpg",190,130,true],"medium":["https:\/\/www.webwise.ie\/wp-content\/uploads\/2014\/06\/Twitter1-300x145.jpg",300,145,true],"medium_large":["https:\/\/www.webwise.ie\/wp-content\/uploads\/2014\/06\/Twitter1.jpg",620,300,false],"large":["https:\/\/www.webwise.ie\/wp-content\/uploads\/2014\/06\/Twitter1.jpg",620,300,false],"listing-thumbnail":["https:\/\/www.webwise.ie\/wp-content\/uploads\/2014\/06\/Twitter1.jpg",620,300,false],"listing-location-thumbnail":["https:\/\/www.webwise.ie\/wp-content\/uploads\/2014\/06\/Twitter1.jpg",150,73,false],"1536x1536":["https:\/\/www.webwise.ie\/wp-content\/uploads\/2014\/06\/Twitter1.jpg",620,300,false],"2048x2048":["https:\/\/www.webwise.ie\/wp-content\/uploads\/2014\/06\/Twitter1.jpg",620,300,false],"gform-image-choice-sm":["https:\/\/www.webwise.ie\/wp-content\/uploads\/2014\/06\/Twitter1.jpg",300,145,false],"gform-image-choice-md":["https:\/\/www.webwise.ie\/wp-content\/uploads\/2014\/06\/Twitter1.jpg",400,194,false],"gform-image-choice-lg":["https:\/\/www.webwise.ie\/wp-content\/uploads\/2014\/06\/Twitter1.jpg",600,290,false]},"uagb_author_info":{"display_name":"Emily Lynch","author_link":"https:\/\/www.webwise.ie\/ga\/author\/emily\/"},"uagb_comment_info":0,"uagb_excerpt":"Socruithe pr\u00edobh\u00e1ideachais ar sheirbh\u00eds\u00ed l\u00edonraithe s\u00f3isialta Sp\u00e1s pearsanta agus poibl\u00ed araon iad na me\u00e1in sh\u00f3isialta, rud a chuireann roinnt d\u00fashl\u00e1n [&hellip;]","_links":{"self":[{"href":"https:\/\/www.webwise.ie\/ga\/wp-json\/wp\/v2\/posts\/8437","targetHints":{"allow":["GET"]}}],"collection":[{"href":"https:\/\/www.webwise.ie\/ga\/wp-json\/wp\/v2\/posts"}],"about":[{"href":"https:\/\/www.webwise.ie\/ga\/wp-json\/wp\/v2\/types\/post"}],"author":[{"embeddable":true,"href":"https:\/\/www.webwise.ie\/ga\/wp-json\/wp\/v2\/users\/6"}],"replies":[{"embeddable":true,"href":"https:\/\/www.webwise.ie\/ga\/wp-json\/wp\/v2\/comments?post=8437"}],"version-history":[{"count":0,"href":"https:\/\/www.webwise.ie\/ga\/wp-json\/wp\/v2\/posts\/8437\/revisions"}],"wp:featuredmedia":[{"embeddable":true,"href":"https:\/\/www.webwise.ie\/ga\/wp-json\/wp\/v2\/media\/2021"}],"wp:attachment":[{"href":"https:\/\/www.webwise.ie\/ga\/wp-json\/wp\/v2\/media?parent=8437"}],"wp:term":[{"taxonomy":"category","embeddable":true,"href":"https:\/\/www.webwise.ie\/ga\/wp-json\/wp\/v2\/categories?post=8437"},{"taxonomy":"post_tag","embeddable":true,"href":"https:\/\/www.webwise.ie\/ga\/wp-json\/wp\/v2\/tags?post=8437"}],"curies":[{"name":"wp","href":"https:\/\/api.w.org\/{rel}","templated":true}]}}