{"id":8776,"date":"2015-07-21T16:14:21","date_gmt":"2015-07-21T16:14:21","guid":{"rendered":"http:\/\/test.webwise.ie\/ga\/uncategorized-ga\/conas-postalacha-a-thuairisciu-ar-instagram-agus-ceisteanna-coitianta-eile\/"},"modified":"2017-06-06T10:55:26","modified_gmt":"2017-06-06T10:55:26","slug":"conas-postalacha-a-thuairisciu-ar-instagram-agus-ceisteanna-coitianta-eile","status":"publish","type":"post","link":"https:\/\/www.webwise.ie\/ga\/tuismitheoiri-ga\/conas-postalacha-a-thuairisciu-ar-instagram-agus-ceisteanna-coitianta-eile\/","title":{"rendered":"Conas: Post\u00e1lacha a Thuairisci\u00fa ar Instagram agus Ceisteanna Coitianta Eile"},"content":{"rendered":"<p>Feidhmchl\u00e1r \u00e9 Instagram \u00a0a ligeann duit grianghraif agus f\u00edse\u00e1in a roinnt agus dul i mbun l\u00edonr\u00fa s\u00f3isialta. Is f\u00e9idir leat an tseirbh\u00eds a \u00edosl\u00f3d\u00e1il saor in aisce. Ligeann s\u00ed d\u2019\u00fas\u00e1ideoir\u00ed f\u00edse\u00e1in agus \u00edomh\u00e1nna a roinnt lena gcairde agus t\u00e1 s\u00ed ar cheann de na l\u00edonra\u00ed s\u00f3isialta is coitianta i measc an aosa \u00f3ig. An sp\u00e9is leat n\u00edos m\u00f3 eolais a fh\u00e1il ina leith? Breathna\u00edmid ar an gcaoi a n-oibr\u00edonn an aip in\u00e1r dtreoir maidir le Instagram <a href=\"https:\/\/www.webwise.ie\/ga\/muinteoiri\/minithe-aip-lena-roinntear-iomhanna-instagram\/\">anseo<\/a>.<\/p>\n<h3>Instagram \u2013 Treoir maidir le Conas Ruda\u00ed a Dh\u00e9anamh<\/h3>\n<p>M\u00e1 t\u00e1 do ph\u00e1iste ag bainte \u00fas\u00e1id as Instagram den ch\u00e9ad uair, molaimid an t-am a th\u00f3g\u00e1il\u00a0 chun tuiscint a fh\u00e1il ar an gcaoi a n-oibr\u00edonn an aip agus chun na socruithe pr\u00edobh\u00e1ideachais a oibri\u00fa amach. An bhfuil c\u00fanamh uait? Freagra\u00edmid roinnt ceisteanna coitianta th\u00edos.<\/p>\n<h3>Conas Bac a Chur ar Dhuine<\/h3>\n<p><a href=\"https:\/\/www.webwise.ie\/wp-content\/uploads\/2014\/04\/Block1.jpg\"><img loading=\"lazy\" decoding=\"async\" class=\"alignnone wp-image-8541 size-full\" src=\"https:\/\/www.webwise.ie\/wp-content\/uploads\/2014\/04\/Block1.jpg\" alt=\"Bac\" width=\"960\" height=\"800\" srcset=\"https:\/\/www.webwise.ie\/wp-content\/uploads\/2014\/04\/Block1.jpg 960w, https:\/\/www.webwise.ie\/wp-content\/uploads\/2014\/04\/Block1-300x250.jpg 300w\" sizes=\"auto, (max-width: 960px) 100vw, 960px\" \/><\/a><\/p>\n<p>M\u00e1s maith leat bac a chur ar dhaoine ionas nach bhfeicfidh siad do chuid grianghraf ar Instagram n\u00f3 nach mbeidh siad \u00e1balta dul i dteagmh\u00e1il leat ar an aip, tig leat bac a chur orthu ionas nach mbeidh siad in ann do ghrianghraif a fheice\u00e1il n\u00e1 cuardach le haghaidh do chuntais Instagram. N\u00ed fh\u00f3gra\u00edtear do na h\u00fas\u00e1ideoir\u00ed a gcuirtear bac orthu go ndearnadh sin. Mar sin de, n\u00ed g\u00e1 duit a bheith buartha maidir le m\u00faisiam a chur ar dhuine.<\/p>\n<p><strong>C\u00c9IM 1:<\/strong> Gabh chuig pr\u00f3if\u00edl an chuntais ar mhaith leat bac a chur uirthi. Tap\u00e1il <strong>&#8230;<\/strong> n\u00f3 na\u00a0<strong>TR\u00cd PHONC<\/strong>\u00a0ar an bpr\u00f3if\u00edl a roghna\u00edonn t\u00fa (ar bharr leathanach na pr\u00f3if\u00edle ar dheis.)<\/p>\n<p><strong>C\u00c9IM 2:<\/strong> Tar \u00e9is duit na <strong>TR\u00cd PHONC<\/strong> a thap\u00e1il, tiocfaidh dh\u00e1 rogha an\u00edos. Tap\u00e1il<strong> \u2018BLOCK USER\u2019 <\/strong> chun bac a chur ar chuntas.<\/p>\n<h3>Conas Grianghraf n\u00f3 F\u00edse\u00e1n a Thuairisci\u00fa<\/h3>\n<p><a href=\"https:\/\/www.webwise.ie\/wp-content\/uploads\/2014\/04\/report-2.jpg\"><img loading=\"lazy\" decoding=\"async\" class=\"alignnone wp-image-8549 size-large\" src=\"https:\/\/www.webwise.ie\/wp-content\/uploads\/2014\/04\/report-2-1024x569.jpg\" alt=\"tuairisci\u00fa-2\" width=\"1024\" height=\"569\" srcset=\"https:\/\/www.webwise.ie\/wp-content\/uploads\/2014\/04\/report-2-1024x569.jpg 1024w, https:\/\/www.webwise.ie\/wp-content\/uploads\/2014\/04\/report-2-300x167.jpg 300w, https:\/\/www.webwise.ie\/wp-content\/uploads\/2014\/04\/report-2.jpg 1080w\" sizes=\"auto, (max-width: 1024px) 100vw, 1024px\" \/><\/a><\/p>\n<p>Is f\u00e9idir le h\u00fas\u00e1ideoir\u00ed Instagram iompra\u00edocht n\u00f3 \u00e1bhar maslach at\u00e1 m\u00edchu\u00ed a thuairisci\u00fa. Mar seo a leanas a dh\u00e9antar grianghraf n\u00f3 f\u00edse\u00e1n a thuairisci\u00fa:<\/p>\n<p><strong>C\u00c9IM 1:<\/strong> Gabh chuig an \u00edomh\u00e1 roghnaithe, tap\u00e1il na<strong>\u00a0TR\u00cd PHONC<\/strong>\u00a0faoi rann\u00e1n na dteachtaireachta\u00ed.<\/p>\n<p><strong>C\u00c9IM 2:<\/strong> Tar \u00e9is duit na <strong>TR\u00cd PHONC<\/strong> a thap\u00e1il, tiocfaidh \u00a0dh\u00e1 rogha an\u00edos. M\u00e1s maith leat \u00e1bhar m\u00edchu\u00ed a thuairisci\u00fa agus a mharc\u00e1il,<strong>\u00a0<\/strong>tap\u00e1il\u00a0<strong>\u2018REPORT INAPPROPRIATE\u2019.<\/strong><\/p>\n<p><strong>C\u00c9IM 3:<\/strong>\u00a0<strong>ROGHNAIGH<\/strong> an rogha \u00e1bhartha tuairiscithe.<\/p>\n<h3>Conas Teachtaireachta\u00ed a Scriosadh agus a Thuairisci\u00fa<\/h3>\n<p><a href=\"https:\/\/www.webwise.ie\/wp-content\/uploads\/2014\/04\/DELETE-COMMENTS.jpg\"><img loading=\"lazy\" decoding=\"async\" class=\"alignnone wp-image-8545 size-full\" src=\"https:\/\/www.webwise.ie\/wp-content\/uploads\/2014\/04\/DELETE-COMMENTS.jpg\" alt=\"SCRIOSADH-TEACHTAIREACHTA\u00cd\" width=\"720\" height=\"600\" srcset=\"https:\/\/www.webwise.ie\/wp-content\/uploads\/2014\/04\/DELETE-COMMENTS.jpg 720w, https:\/\/www.webwise.ie\/wp-content\/uploads\/2014\/04\/DELETE-COMMENTS-300x250.jpg 300w\" sizes=\"auto, (max-width: 720px) 100vw, 720px\" \/><\/a><\/p>\n<p>M\u00e1s maith leat teachtaireachta\u00ed maslacha\/m\u00edchu\u00ed a bhaint \u00f3 do chuid post\u00e1lacha, n\u00edl le d\u00e9anamh ach an m\u00e9id seo a leanas:<\/p>\n<p><strong>C\u00c9IM 1:<\/strong> Gabh chuig rann\u00e1n na dteachtaireachta\u00ed ar do ghrianghraf\/d\u2019fh\u00edse\u00e1n agus <strong>TAP\u00c1IL CNAIPE NA dTEACHTAIREACHTA\u00cd.<\/strong><\/p>\n<p><strong>C\u00c9IM 2:<\/strong> Ag brath ar an ngl\u00e9as at\u00e1 agat, <strong>ROGHNAIGH AN TEACHTAIREACHT<\/strong>\u00a0n\u00f3 <strong>TARRAING \u00d3 DHEIS CHUN ROGHANNA SCRIOSTA A FHEICE\u00c1IL.<\/strong><\/p>\n<h3>Conas do Phost\u00e1lacha a Shocr\u00fa chun Pr\u00edobh\u00e1ideachais<\/h3>\n<p><a href=\"https:\/\/www.webwise.ie\/wp-content\/uploads\/2014\/04\/private-posts.jpg\"><img loading=\"lazy\" decoding=\"async\" class=\"alignnone wp-image-8547 size-large\" src=\"https:\/\/www.webwise.ie\/wp-content\/uploads\/2014\/04\/private-posts-1024x569.jpg\" alt=\"post\u00e1lacha-pr\u00edobh\u00e1ideacha\" width=\"1024\" height=\"569\" srcset=\"https:\/\/www.webwise.ie\/wp-content\/uploads\/2014\/04\/private-posts-1024x569.jpg 1024w, https:\/\/www.webwise.ie\/wp-content\/uploads\/2014\/04\/private-posts-300x167.jpg 300w, https:\/\/www.webwise.ie\/wp-content\/uploads\/2014\/04\/private-posts.jpg 1080w\" sizes=\"auto, (max-width: 1024px) 100vw, 1024px\" \/><\/a><\/p>\n<p>Ar dt\u00fas, <strong>nuair a chl\u00e1ra\u00edonn \u00fas\u00e1ideoir, d\u00e9anfar pr\u00f3if\u00edl phoibl\u00ed den phr\u00f3if\u00edl go huathoibr\u00edoch<\/strong> \u2013 rud a fh\u00e1gann gur f\u00e9idir le gach duine na grianghraif n\u00f3 na f\u00edse\u00e1in a crutha\u00edodh a fheice\u00e1il agus an aip \u00e1 h\u00fas\u00e1id. <strong>Is f\u00e9idir leat pr\u00f3if\u00edl phr\u00edobh\u00e1ideach a shocr\u00fa<\/strong> chun teorainn a chur leis na daoine at\u00e1 in ann do phr\u00f3if\u00edl a fheice\u00e1il. F\u00e9adtar \u00e9 sin a dh\u00e9anamh i roinnt c\u00e9imeanna simpl\u00ed:<\/p>\n<p><strong>C\u00c9IM 1:<\/strong> Gabh chuig do phr\u00f3if\u00edl agus\u00a0<strong>TAP\u00c1IL \u2018EDIT PROFILE\u2019<\/strong>.<\/p>\n<p><strong>C\u00c9IM 2:<\/strong> Scrollaigh s\u00edos agus<b>\u00a0TICE\u00c1IL \u2018POSTS ARE PRIVATE\u2019<\/b>.<\/p>\n<h3>\u00c1r Moladh:<\/h3>\n<p>Nuair a chuirtear an fheidhm phr\u00edobh\u00e1ideach i bhfeidhm ar an aip, agus a ngrianghraf \u00e1 roinnt ag \u00fas\u00e1ideoir\u00ed lena gcairde, s\u00edlimid gur aip iontach \u00e9 Instagram agus ba cheart daoine \u00f3ga a spreagadh chun \u00ed a \u00fas\u00e1id. Faigh n\u00edos m\u00f3 eolais ar ch\u00farsa\u00ed pr\u00edobh\u00e1ideachais ar Instagram<a href=\"http:\/\/blog.instagram.com\/post\/30559214465\/privacy-safety-on-instagram\"> anseo<\/a>.<\/p>\n<p>Spreagaimidne ag Webwise th\u00fa a chur ina lu\u00ed ar an aos \u00f3g a th\u00e1bhachta\u00ed at\u00e1 s\u00e9 uirlis\u00ed tuairiscithe agus socruithe pr\u00edobh\u00e1ideachais a thuiscint sula gcrutha\u00edtear pr\u00f3if\u00edl ar l\u00edonra s\u00f3isialta ar bith.<\/p>\n","protected":false},"excerpt":{"rendered":"<p>Feidhmchl\u00e1r \u00e9 Instagram \u00a0a ligeann duit grianghraif agus f\u00edse\u00e1in a roinnt agus dul i mbun l\u00edonr\u00fa s\u00f3isialta. Is f\u00e9idir leat [&hellip;]<\/p>\n","protected":false},"author":10,"featured_media":12333,"comment_status":"closed","ping_status":"closed","sticky":false,"template":"","format":"standard","meta":{"_acf_changed":false,"_uag_custom_page_level_css":"","footnotes":""},"categories":[107,85],"tags":[131,206,128,218],"class_list":["post-8776","post","type-post","status-publish","format-standard","has-post-thumbnail","hentry","category-conas-ga","category-tuismitheoiri-ga","tag-aipeanna","tag-bac-ga","tag-priobhaideachas","tag-na-meain-shoisialta-ga-3"],"acf":[],"yoast_head":"<!-- This site is optimized with the Yoast SEO plugin v27.4 - https:\/\/yoast.com\/product\/yoast-seo-wordpress\/ -->\n<title>Conas Post\u00e1lacha a Thuairisci\u00fa ar Instagram<\/title>\n<meta name=\"description\" content=\"M\u00e1 t\u00e1 do ph\u00e1iste ag bainte \u00fas\u00e1id as Instagram den ch\u00e9ad uair, molaimid an t-am a th\u00f3g\u00e1il chun tuiscint a fh\u00e1il ar an gcaoi a n-oibr\u00edonn an aip agus chun na socruithe pr\u00edobh\u00e1ideachais a oibri\u00fa amach.\" \/>\n<meta name=\"robots\" content=\"index, follow, max-snippet:-1, max-image-preview:large, max-video-preview:-1\" \/>\n<link rel=\"canonical\" href=\"https:\/\/www.webwise.ie\/ga\/tuismitheoiri-ga\/conas-postalacha-a-thuairisciu-ar-instagram-agus-ceisteanna-coitianta-eile\/\" \/>\n<meta property=\"og:locale\" content=\"en_US\" \/>\n<meta property=\"og:type\" content=\"article\" \/>\n<meta property=\"og:title\" content=\"Conas Post\u00e1lacha a Thuairisci\u00fa ar Instagram\" \/>\n<meta property=\"og:description\" content=\"M\u00e1 t\u00e1 do ph\u00e1iste ag bainte \u00fas\u00e1id as Instagram den ch\u00e9ad uair, molaimid an t-am a th\u00f3g\u00e1il chun tuiscint a fh\u00e1il ar an gcaoi a n-oibr\u00edonn an aip agus chun na socruithe pr\u00edobh\u00e1ideachais a oibri\u00fa amach.\" \/>\n<meta property=\"og:url\" content=\"https:\/\/www.webwise.ie\/ga\/tuismitheoiri-ga\/conas-postalacha-a-thuairisciu-ar-instagram-agus-ceisteanna-coitianta-eile\/\" \/>\n<meta property=\"og:site_name\" content=\"Webwise.ie\" \/>\n<meta property=\"article:publisher\" content=\"https:\/\/www.facebook.com\/Webwise\/\" \/>\n<meta property=\"article:published_time\" content=\"2015-07-21T16:14:21+00:00\" \/>\n<meta property=\"article:modified_time\" content=\"2017-06-06T10:55:26+00:00\" \/>\n<meta property=\"og:image\" content=\"https:\/\/www.webwise.ie\/wp-content\/uploads\/2014\/06\/insta.jpg\" \/>\n\t<meta property=\"og:image:width\" content=\"1920\" \/>\n\t<meta property=\"og:image:height\" content=\"1280\" \/>\n\t<meta property=\"og:image:type\" content=\"image\/jpeg\" \/>\n<meta name=\"author\" content=\"Jane McGarrigle\" \/>\n<meta name=\"twitter:label1\" content=\"Written by\" \/>\n\t<meta name=\"twitter:data1\" content=\"Jane McGarrigle\" \/>\n\t<meta name=\"twitter:label2\" content=\"Est. reading time\" \/>\n\t<meta name=\"twitter:data2\" content=\"4 minutes\" \/>\n<script type=\"application\/ld+json\" class=\"yoast-schema-graph\">{\"@context\":\"https:\\\/\\\/schema.org\",\"@graph\":[{\"@type\":\"Article\",\"@id\":\"https:\\\/\\\/www.webwise.ie\\\/ga\\\/tuismitheoiri-ga\\\/conas-postalacha-a-thuairisciu-ar-instagram-agus-ceisteanna-coitianta-eile\\\/#article\",\"isPartOf\":{\"@id\":\"https:\\\/\\\/www.webwise.ie\\\/ga\\\/tuismitheoiri-ga\\\/conas-postalacha-a-thuairisciu-ar-instagram-agus-ceisteanna-coitianta-eile\\\/\"},\"author\":{\"name\":\"Jane McGarrigle\",\"@id\":\"https:\\\/\\\/www.webwise.ie\\\/ga\\\/#\\\/schema\\\/person\\\/e9581b863d6d7c0f1a3e54768525c322\"},\"headline\":\"Conas: Post\u00e1lacha a Thuairisci\u00fa ar Instagram agus Ceisteanna Coitianta Eile\",\"datePublished\":\"2015-07-21T16:14:21+00:00\",\"dateModified\":\"2017-06-06T10:55:26+00:00\",\"mainEntityOfPage\":{\"@id\":\"https:\\\/\\\/www.webwise.ie\\\/ga\\\/tuismitheoiri-ga\\\/conas-postalacha-a-thuairisciu-ar-instagram-agus-ceisteanna-coitianta-eile\\\/\"},\"wordCount\":728,\"image\":{\"@id\":\"https:\\\/\\\/www.webwise.ie\\\/ga\\\/tuismitheoiri-ga\\\/conas-postalacha-a-thuairisciu-ar-instagram-agus-ceisteanna-coitianta-eile\\\/#primaryimage\"},\"thumbnailUrl\":\"https:\\\/\\\/www.webwise.ie\\\/wp-content\\\/uploads\\\/2014\\\/06\\\/insta.jpg\",\"keywords\":[\"Aipeanna\",\"Bac\",\"pr\u00edobh\u00e1ideachas\",\"Tuismitheoir\u00ed\"],\"articleSection\":[\"Conas\",\"Tuismitheoir\u00ed\"],\"inLanguage\":\"en-GA\"},{\"@type\":\"WebPage\",\"@id\":\"https:\\\/\\\/www.webwise.ie\\\/ga\\\/tuismitheoiri-ga\\\/conas-postalacha-a-thuairisciu-ar-instagram-agus-ceisteanna-coitianta-eile\\\/\",\"url\":\"https:\\\/\\\/www.webwise.ie\\\/ga\\\/tuismitheoiri-ga\\\/conas-postalacha-a-thuairisciu-ar-instagram-agus-ceisteanna-coitianta-eile\\\/\",\"name\":\"Conas Post\u00e1lacha a Thuairisci\u00fa ar Instagram\",\"isPartOf\":{\"@id\":\"https:\\\/\\\/www.webwise.ie\\\/ga\\\/#website\"},\"primaryImageOfPage\":{\"@id\":\"https:\\\/\\\/www.webwise.ie\\\/ga\\\/tuismitheoiri-ga\\\/conas-postalacha-a-thuairisciu-ar-instagram-agus-ceisteanna-coitianta-eile\\\/#primaryimage\"},\"image\":{\"@id\":\"https:\\\/\\\/www.webwise.ie\\\/ga\\\/tuismitheoiri-ga\\\/conas-postalacha-a-thuairisciu-ar-instagram-agus-ceisteanna-coitianta-eile\\\/#primaryimage\"},\"thumbnailUrl\":\"https:\\\/\\\/www.webwise.ie\\\/wp-content\\\/uploads\\\/2014\\\/06\\\/insta.jpg\",\"datePublished\":\"2015-07-21T16:14:21+00:00\",\"dateModified\":\"2017-06-06T10:55:26+00:00\",\"author\":{\"@id\":\"https:\\\/\\\/www.webwise.ie\\\/ga\\\/#\\\/schema\\\/person\\\/e9581b863d6d7c0f1a3e54768525c322\"},\"description\":\"M\u00e1 t\u00e1 do ph\u00e1iste ag bainte \u00fas\u00e1id as Instagram den ch\u00e9ad uair, molaimid an t-am a th\u00f3g\u00e1il chun tuiscint a fh\u00e1il ar an gcaoi a n-oibr\u00edonn an aip agus chun na socruithe pr\u00edobh\u00e1ideachais a oibri\u00fa amach.\",\"breadcrumb\":{\"@id\":\"https:\\\/\\\/www.webwise.ie\\\/ga\\\/tuismitheoiri-ga\\\/conas-postalacha-a-thuairisciu-ar-instagram-agus-ceisteanna-coitianta-eile\\\/#breadcrumb\"},\"inLanguage\":\"en-GA\",\"potentialAction\":[{\"@type\":\"ReadAction\",\"target\":[\"https:\\\/\\\/www.webwise.ie\\\/ga\\\/tuismitheoiri-ga\\\/conas-postalacha-a-thuairisciu-ar-instagram-agus-ceisteanna-coitianta-eile\\\/\"]}]},{\"@type\":\"ImageObject\",\"inLanguage\":\"en-GA\",\"@id\":\"https:\\\/\\\/www.webwise.ie\\\/ga\\\/tuismitheoiri-ga\\\/conas-postalacha-a-thuairisciu-ar-instagram-agus-ceisteanna-coitianta-eile\\\/#primaryimage\",\"url\":\"https:\\\/\\\/www.webwise.ie\\\/wp-content\\\/uploads\\\/2014\\\/06\\\/insta.jpg\",\"contentUrl\":\"https:\\\/\\\/www.webwise.ie\\\/wp-content\\\/uploads\\\/2014\\\/06\\\/insta.jpg\",\"width\":1920,\"height\":1280},{\"@type\":\"BreadcrumbList\",\"@id\":\"https:\\\/\\\/www.webwise.ie\\\/ga\\\/tuismitheoiri-ga\\\/conas-postalacha-a-thuairisciu-ar-instagram-agus-ceisteanna-coitianta-eile\\\/#breadcrumb\",\"itemListElement\":[{\"@type\":\"ListItem\",\"position\":1,\"name\":\"Home\",\"item\":\"https:\\\/\\\/www.webwise.ie\\\/ga\\\/\"},{\"@type\":\"ListItem\",\"position\":2,\"name\":\"Conas: Post\u00e1lacha a Thuairisci\u00fa ar Instagram agus Ceisteanna Coitianta Eile\"}]},{\"@type\":\"WebSite\",\"@id\":\"https:\\\/\\\/www.webwise.ie\\\/ga\\\/#website\",\"url\":\"https:\\\/\\\/www.webwise.ie\\\/ga\\\/\",\"name\":\"Webwise\",\"description\":\"The Irish Internet Safety Awareness Centre\",\"potentialAction\":[{\"@type\":\"SearchAction\",\"target\":{\"@type\":\"EntryPoint\",\"urlTemplate\":\"https:\\\/\\\/www.webwise.ie\\\/ga\\\/?s={search_term_string}\"},\"query-input\":{\"@type\":\"PropertyValueSpecification\",\"valueRequired\":true,\"valueName\":\"search_term_string\"}}],\"inLanguage\":\"en-GA\"},{\"@type\":\"Person\",\"@id\":\"https:\\\/\\\/www.webwise.ie\\\/ga\\\/#\\\/schema\\\/person\\\/e9581b863d6d7c0f1a3e54768525c322\",\"name\":\"Jane McGarrigle\",\"image\":{\"@type\":\"ImageObject\",\"inLanguage\":\"en-GA\",\"@id\":\"https:\\\/\\\/secure.gravatar.com\\\/avatar\\\/7ff61c3bfb02f029458a00949e5feb219955a44f1560b5919382f7e2551a86d1?s=96&d=mm&r=g\",\"url\":\"https:\\\/\\\/secure.gravatar.com\\\/avatar\\\/7ff61c3bfb02f029458a00949e5feb219955a44f1560b5919382f7e2551a86d1?s=96&d=mm&r=g\",\"contentUrl\":\"https:\\\/\\\/secure.gravatar.com\\\/avatar\\\/7ff61c3bfb02f029458a00949e5feb219955a44f1560b5919382f7e2551a86d1?s=96&d=mm&r=g\",\"caption\":\"Jane McGarrigle\"},\"url\":\"https:\\\/\\\/www.webwise.ie\\\/ga\\\/author\\\/jane\\\/\"}]}<\/script>\n<!-- \/ Yoast SEO plugin. -->","yoast_head_json":{"title":"Conas Post\u00e1lacha a Thuairisci\u00fa ar Instagram","description":"M\u00e1 t\u00e1 do ph\u00e1iste ag bainte \u00fas\u00e1id as Instagram den ch\u00e9ad uair, molaimid an t-am a th\u00f3g\u00e1il chun tuiscint a fh\u00e1il ar an gcaoi a n-oibr\u00edonn an aip agus chun na socruithe pr\u00edobh\u00e1ideachais a oibri\u00fa amach.","robots":{"index":"index","follow":"follow","max-snippet":"max-snippet:-1","max-image-preview":"max-image-preview:large","max-video-preview":"max-video-preview:-1"},"canonical":"https:\/\/www.webwise.ie\/ga\/tuismitheoiri-ga\/conas-postalacha-a-thuairisciu-ar-instagram-agus-ceisteanna-coitianta-eile\/","og_locale":"en_US","og_type":"article","og_title":"Conas Post\u00e1lacha a Thuairisci\u00fa ar Instagram","og_description":"M\u00e1 t\u00e1 do ph\u00e1iste ag bainte \u00fas\u00e1id as Instagram den ch\u00e9ad uair, molaimid an t-am a th\u00f3g\u00e1il chun tuiscint a fh\u00e1il ar an gcaoi a n-oibr\u00edonn an aip agus chun na socruithe pr\u00edobh\u00e1ideachais a oibri\u00fa amach.","og_url":"https:\/\/www.webwise.ie\/ga\/tuismitheoiri-ga\/conas-postalacha-a-thuairisciu-ar-instagram-agus-ceisteanna-coitianta-eile\/","og_site_name":"Webwise.ie","article_publisher":"https:\/\/www.facebook.com\/Webwise\/","article_published_time":"2015-07-21T16:14:21+00:00","article_modified_time":"2017-06-06T10:55:26+00:00","og_image":[{"width":1920,"height":1280,"url":"https:\/\/www.webwise.ie\/wp-content\/uploads\/2014\/06\/insta.jpg","type":"image\/jpeg"}],"author":"Jane McGarrigle","twitter_misc":{"Written by":"Jane McGarrigle","Est. reading time":"4 minutes"},"schema":{"@context":"https:\/\/schema.org","@graph":[{"@type":"Article","@id":"https:\/\/www.webwise.ie\/ga\/tuismitheoiri-ga\/conas-postalacha-a-thuairisciu-ar-instagram-agus-ceisteanna-coitianta-eile\/#article","isPartOf":{"@id":"https:\/\/www.webwise.ie\/ga\/tuismitheoiri-ga\/conas-postalacha-a-thuairisciu-ar-instagram-agus-ceisteanna-coitianta-eile\/"},"author":{"name":"Jane McGarrigle","@id":"https:\/\/www.webwise.ie\/ga\/#\/schema\/person\/e9581b863d6d7c0f1a3e54768525c322"},"headline":"Conas: Post\u00e1lacha a Thuairisci\u00fa ar Instagram agus Ceisteanna Coitianta Eile","datePublished":"2015-07-21T16:14:21+00:00","dateModified":"2017-06-06T10:55:26+00:00","mainEntityOfPage":{"@id":"https:\/\/www.webwise.ie\/ga\/tuismitheoiri-ga\/conas-postalacha-a-thuairisciu-ar-instagram-agus-ceisteanna-coitianta-eile\/"},"wordCount":728,"image":{"@id":"https:\/\/www.webwise.ie\/ga\/tuismitheoiri-ga\/conas-postalacha-a-thuairisciu-ar-instagram-agus-ceisteanna-coitianta-eile\/#primaryimage"},"thumbnailUrl":"https:\/\/www.webwise.ie\/wp-content\/uploads\/2014\/06\/insta.jpg","keywords":["Aipeanna","Bac","pr\u00edobh\u00e1ideachas","Tuismitheoir\u00ed"],"articleSection":["Conas","Tuismitheoir\u00ed"],"inLanguage":"en-GA"},{"@type":"WebPage","@id":"https:\/\/www.webwise.ie\/ga\/tuismitheoiri-ga\/conas-postalacha-a-thuairisciu-ar-instagram-agus-ceisteanna-coitianta-eile\/","url":"https:\/\/www.webwise.ie\/ga\/tuismitheoiri-ga\/conas-postalacha-a-thuairisciu-ar-instagram-agus-ceisteanna-coitianta-eile\/","name":"Conas Post\u00e1lacha a Thuairisci\u00fa ar Instagram","isPartOf":{"@id":"https:\/\/www.webwise.ie\/ga\/#website"},"primaryImageOfPage":{"@id":"https:\/\/www.webwise.ie\/ga\/tuismitheoiri-ga\/conas-postalacha-a-thuairisciu-ar-instagram-agus-ceisteanna-coitianta-eile\/#primaryimage"},"image":{"@id":"https:\/\/www.webwise.ie\/ga\/tuismitheoiri-ga\/conas-postalacha-a-thuairisciu-ar-instagram-agus-ceisteanna-coitianta-eile\/#primaryimage"},"thumbnailUrl":"https:\/\/www.webwise.ie\/wp-content\/uploads\/2014\/06\/insta.jpg","datePublished":"2015-07-21T16:14:21+00:00","dateModified":"2017-06-06T10:55:26+00:00","author":{"@id":"https:\/\/www.webwise.ie\/ga\/#\/schema\/person\/e9581b863d6d7c0f1a3e54768525c322"},"description":"M\u00e1 t\u00e1 do ph\u00e1iste ag bainte \u00fas\u00e1id as Instagram den ch\u00e9ad uair, molaimid an t-am a th\u00f3g\u00e1il chun tuiscint a fh\u00e1il ar an gcaoi a n-oibr\u00edonn an aip agus chun na socruithe pr\u00edobh\u00e1ideachais a oibri\u00fa amach.","breadcrumb":{"@id":"https:\/\/www.webwise.ie\/ga\/tuismitheoiri-ga\/conas-postalacha-a-thuairisciu-ar-instagram-agus-ceisteanna-coitianta-eile\/#breadcrumb"},"inLanguage":"en-GA","potentialAction":[{"@type":"ReadAction","target":["https:\/\/www.webwise.ie\/ga\/tuismitheoiri-ga\/conas-postalacha-a-thuairisciu-ar-instagram-agus-ceisteanna-coitianta-eile\/"]}]},{"@type":"ImageObject","inLanguage":"en-GA","@id":"https:\/\/www.webwise.ie\/ga\/tuismitheoiri-ga\/conas-postalacha-a-thuairisciu-ar-instagram-agus-ceisteanna-coitianta-eile\/#primaryimage","url":"https:\/\/www.webwise.ie\/wp-content\/uploads\/2014\/06\/insta.jpg","contentUrl":"https:\/\/www.webwise.ie\/wp-content\/uploads\/2014\/06\/insta.jpg","width":1920,"height":1280},{"@type":"BreadcrumbList","@id":"https:\/\/www.webwise.ie\/ga\/tuismitheoiri-ga\/conas-postalacha-a-thuairisciu-ar-instagram-agus-ceisteanna-coitianta-eile\/#breadcrumb","itemListElement":[{"@type":"ListItem","position":1,"name":"Home","item":"https:\/\/www.webwise.ie\/ga\/"},{"@type":"ListItem","position":2,"name":"Conas: Post\u00e1lacha a Thuairisci\u00fa ar Instagram agus Ceisteanna Coitianta Eile"}]},{"@type":"WebSite","@id":"https:\/\/www.webwise.ie\/ga\/#website","url":"https:\/\/www.webwise.ie\/ga\/","name":"Webwise","description":"The Irish Internet Safety Awareness Centre","potentialAction":[{"@type":"SearchAction","target":{"@type":"EntryPoint","urlTemplate":"https:\/\/www.webwise.ie\/ga\/?s={search_term_string}"},"query-input":{"@type":"PropertyValueSpecification","valueRequired":true,"valueName":"search_term_string"}}],"inLanguage":"en-GA"},{"@type":"Person","@id":"https:\/\/www.webwise.ie\/ga\/#\/schema\/person\/e9581b863d6d7c0f1a3e54768525c322","name":"Jane McGarrigle","image":{"@type":"ImageObject","inLanguage":"en-GA","@id":"https:\/\/secure.gravatar.com\/avatar\/7ff61c3bfb02f029458a00949e5feb219955a44f1560b5919382f7e2551a86d1?s=96&d=mm&r=g","url":"https:\/\/secure.gravatar.com\/avatar\/7ff61c3bfb02f029458a00949e5feb219955a44f1560b5919382f7e2551a86d1?s=96&d=mm&r=g","contentUrl":"https:\/\/secure.gravatar.com\/avatar\/7ff61c3bfb02f029458a00949e5feb219955a44f1560b5919382f7e2551a86d1?s=96&d=mm&r=g","caption":"Jane McGarrigle"},"url":"https:\/\/www.webwise.ie\/ga\/author\/jane\/"}]}},"spectra_custom_meta":{"_alp_processed":["1437495261"],"_wpml_media_featured":["1"],"_top_nav_excluded":[""],"_cms_nav_minihome":[""],"_yoast_wpseo_title":["Conas Post\u00e1lacha a Thuairisci\u00fa ar Instagram"],"_yoast_wpseo_metadesc":["M\u00e1 t\u00e1 do ph\u00e1iste ag bainte \u00fas\u00e1id as Instagram den ch\u00e9ad uair, molaimid an t-am a th\u00f3g\u00e1il chun tuiscint a fh\u00e1il ar an gcaoi a n-oibr\u00edonn an aip agus chun na socruithe pr\u00edobh\u00e1ideachais a oibri\u00fa amach."],"_yoast_wpseo_focuskw":["Instagram"],"_thumbnail_id":["12333"],"_edit_lock":["1496756952:10"],"_edit_last":["10"],"_vc_post_settings":["a:1:{s:10:\"vc_grid_id\";a:0:{}}"],"_yoast_wpseo_focuskw_text_input":["Instagram"],"_yoast_wpseo_linkdex":["85"],"_yoast_wpseo_content_score":["90"],"short_title":[""],"_short_title":["field_588b54d9edbd0"],"teacher_feature":["No"],"_teacher_feature":["field_537cabfb09d96"],"parent_feature":["No"],"_parent_feature":["field_537cadafcb7d8"],"_yoast_wpseo_primary_category":[""],"_wpml_media_duplicate":["0"],"_uag_page_assets":["a:9:{s:3:\"css\";s:0:\"\";s:2:\"js\";s:0:\"\";s:18:\"current_block_list\";a:1:{i:0;s:12:\"core\/heading\";}s:8:\"uag_flag\";b:0;s:11:\"uag_version\";s:10:\"1777707129\";s:6:\"gfonts\";a:0:{}s:10:\"gfonts_url\";s:0:\"\";s:12:\"gfonts_files\";a:0:{}s:14:\"uag_faq_layout\";b:0;}"]},"uagb_featured_image_src":{"full":["https:\/\/www.webwise.ie\/wp-content\/uploads\/2014\/06\/insta.jpg",1920,1280,false],"thumbnail":["https:\/\/www.webwise.ie\/wp-content\/uploads\/2014\/06\/insta-190x130.jpg",190,130,true],"medium":["https:\/\/www.webwise.ie\/wp-content\/uploads\/2014\/06\/insta-300x200.jpg",300,200,true],"medium_large":["https:\/\/www.webwise.ie\/wp-content\/uploads\/2014\/06\/insta-768x512.jpg",640,427,true],"large":["https:\/\/www.webwise.ie\/wp-content\/uploads\/2014\/06\/insta-1024x683.jpg",640,427,true],"listing-thumbnail":["https:\/\/www.webwise.ie\/wp-content\/uploads\/2014\/06\/insta.jpg",800,533,false],"listing-location-thumbnail":["https:\/\/www.webwise.ie\/wp-content\/uploads\/2014\/06\/insta.jpg",150,100,false],"1536x1536":["https:\/\/www.webwise.ie\/wp-content\/uploads\/2014\/06\/insta.jpg",1536,1024,false],"2048x2048":["https:\/\/www.webwise.ie\/wp-content\/uploads\/2014\/06\/insta.jpg",1920,1280,false],"gform-image-choice-sm":["https:\/\/www.webwise.ie\/wp-content\/uploads\/2014\/06\/insta.jpg",300,200,false],"gform-image-choice-md":["https:\/\/www.webwise.ie\/wp-content\/uploads\/2014\/06\/insta.jpg",400,267,false],"gform-image-choice-lg":["https:\/\/www.webwise.ie\/wp-content\/uploads\/2014\/06\/insta.jpg",600,400,false]},"uagb_author_info":{"display_name":"Jane McGarrigle","author_link":"https:\/\/www.webwise.ie\/ga\/author\/jane\/"},"uagb_comment_info":0,"uagb_excerpt":"Feidhmchl\u00e1r \u00e9 Instagram \u00a0a ligeann duit grianghraif agus f\u00edse\u00e1in a roinnt agus dul i mbun l\u00edonr\u00fa s\u00f3isialta. Is f\u00e9idir leat [&hellip;]","_links":{"self":[{"href":"https:\/\/www.webwise.ie\/ga\/wp-json\/wp\/v2\/posts\/8776","targetHints":{"allow":["GET"]}}],"collection":[{"href":"https:\/\/www.webwise.ie\/ga\/wp-json\/wp\/v2\/posts"}],"about":[{"href":"https:\/\/www.webwise.ie\/ga\/wp-json\/wp\/v2\/types\/post"}],"author":[{"embeddable":true,"href":"https:\/\/www.webwise.ie\/ga\/wp-json\/wp\/v2\/users\/10"}],"replies":[{"embeddable":true,"href":"https:\/\/www.webwise.ie\/ga\/wp-json\/wp\/v2\/comments?post=8776"}],"version-history":[{"count":0,"href":"https:\/\/www.webwise.ie\/ga\/wp-json\/wp\/v2\/posts\/8776\/revisions"}],"wp:featuredmedia":[{"embeddable":true,"href":"https:\/\/www.webwise.ie\/ga\/wp-json\/wp\/v2\/media\/12333"}],"wp:attachment":[{"href":"https:\/\/www.webwise.ie\/ga\/wp-json\/wp\/v2\/media?parent=8776"}],"wp:term":[{"taxonomy":"category","embeddable":true,"href":"https:\/\/www.webwise.ie\/ga\/wp-json\/wp\/v2\/categories?post=8776"},{"taxonomy":"post_tag","embeddable":true,"href":"https:\/\/www.webwise.ie\/ga\/wp-json\/wp\/v2\/tags?post=8776"}],"curies":[{"name":"wp","href":"https:\/\/api.w.org\/{rel}","templated":true}]}}